{"id":8849,"date":"2024-08-14T09:50:41","date_gmt":"2024-08-14T07:50:41","guid":{"rendered":"https:\/\/elsur-racing.de\/?p=8849"},"modified":"2024-08-17T09:59:26","modified_gmt":"2024-08-17T07:59:26","slug":"1-schoenaicher-polo-cup","status":"publish","type":"post","link":"https:\/\/elsur-racing.de\/en\/2024\/08\/1-schoenaicher-polo-cup\/","title":{"rendered":"1st Sch\u00f6naicher Polo Cup"},"content":{"rendered":"<p>Last weekend, the 1st Sch\u00f6naich Polo Cup took place at the facility of the Holzapfel family in Sch\u00f6naich, near B\u00f6blingen.<br \/>\nIn fantastic weather, 6 teams fought for the trophies over two days.<br \/>\nDue to the somewhat smaller field, there were only 3 instead of the usual 4 players per team.<br \/>\nIn the end, the home team of El Sur Polo Equipo e.V. was victorious, beating Team GEWEFA in a fast-paced final.     <a href=\"https:\/\/derrotedrachephotography.pixieset.com\/schnbuchcup2024\/\"><a href=\"https:\/\/derrotedrachephotography.pixieset.com\/schnbuchcup2024\/\">A beautiful picture gallery of Katrin Gralla\/The Red Dragon can be found here&#8230;<\/a><\/a>  A detailed tournament report was published in yesterday&#8217;s edition of the B\u00f6blinger Kreiszeitung.  <img loading=\"lazy\" decoding=\"async\" class=\"size-medium wp-image-8836 alignleft\" src=\"https:\/\/elsur-racing.de\/wp-content\/uploads\/2024\/08\/BoeblingerKreiszeitung_SchoenaicherPoloCup-300x199.jpg\" alt=\"\" width=\"300\" height=\"199\"><img loading=\"lazy\" decoding=\"async\" class=\"alignnone size-medium wp-image-8844\" src=\"https:\/\/elsur-racing.de\/wp-content\/uploads\/2024\/08\/SchoenaicherPoloCupTeams-300x300.jpg\" alt=\"\" width=\"300\" height=\"300\">  <img loading=\"lazy\" decoding=\"async\" class=\"alignnone size-medium wp-image-8862\" src=\"https:\/\/elsur-racing.de\/wp-content\/uploads\/2024\/08\/SchoenaicherPoloCupTeamaufstellung-201x300.jpg\" alt=\"\" width=\"201\" height=\"300\">          <img loading=\"lazy\" decoding=\"async\" class=\"size-medium wp-image-8840 alignleft\" src=\"https:\/\/elsur-racing.de\/wp-content\/uploads\/2024\/08\/BoeblingerKreiszeitung_SchoenaicherPoloCup2-231x300.jpg\" alt=\"\" width=\"231\" height=\"300\"><\/p>\n","protected":false},"excerpt":{"rendered":"<p>Last weekend, the 1st Sch\u00f6naich Polo Cup took place at the facility of the Holzapfel family in Sch\u00f6naich, near B\u00f6blingen. In fantastic weather, 6 teams fought for the trophies over two days. Due to the somewhat smaller field, there were only 3 instead of the usual 4 players per team. In the end, the home [&hellip;]<\/p>\n","protected":false},"author":1,"featured_media":8868,"comment_status":"open","ping_status":"open","sticky":false,"template":"","format":"standard","meta":{"_et_pb_use_builder":"","_et_pb_old_content":"","_et_gb_content_width":"","footnotes":""},"categories":[21,25],"tags":[470,62,708,65,68,299,300,301,451,303,709],"class_list":["post-8849","post","type-post","status-publish","format-standard","has-post-thumbnail","hentry","category-generally","category-polo-en","tag-el-sur-en","tag-el-sur-polo-en","tag-holzapfel-en","tag-jochen-stargardt-en","tag-polo-en","tag-polo-pferde-zucht-en","tag-polo-ponies-en","tag-polobreeding-en","tag-pololife-en","tag-polopferde-en","tag-schoenaich-en"],"yoast_head":"<!-- This site is optimized with the Yoast SEO plugin v27.5 - https:\/\/yoast.com\/product\/yoast-seo-wordpress\/ -->\n<title>1st Sch\u00f6naicher Polo Cup - ElSur - RACING<\/title>\n<meta name=\"robots\" content=\"index, follow, max-snippet:-1, max-image-preview:large, max-video-preview:-1\" \/>\n<link rel=\"canonical\" href=\"https:\/\/elsur-racing.de\/en\/2024\/08\/1-schoenaicher-polo-cup\/\" \/>\n<meta property=\"og:locale\" content=\"en_US\" \/>\n<meta property=\"og:type\" content=\"article\" \/>\n<meta property=\"og:title\" content=\"1st Sch\u00f6naicher Polo Cup - ElSur - RACING\" \/>\n<meta property=\"og:description\" content=\"Last weekend, the 1st Sch\u00f6naich Polo Cup took place at the facility of the Holzapfel family in Sch\u00f6naich, near B\u00f6blingen. In fantastic weather, 6 teams fought for the trophies over two days. Due to the somewhat smaller field, there were only 3 instead of the usual 4 players per team. In the end, the home [&hellip;]\" \/>\n<meta property=\"og:url\" content=\"https:\/\/elsur-racing.de\/en\/2024\/08\/1-schoenaicher-polo-cup\/\" \/>\n<meta property=\"og:site_name\" content=\"ElSur - RACING\" \/>\n<meta property=\"article:publisher\" content=\"https:\/\/www.facebook.com\/elsurracing\" \/>\n<meta property=\"article:published_time\" content=\"2024-08-14T07:50:41+00:00\" \/>\n<meta property=\"article:modified_time\" content=\"2024-08-17T07:59:26+00:00\" \/>\n<meta property=\"og:image\" content=\"https:\/\/elsur-racing.de\/wp-content\/uploads\/2024\/08\/ElSurPoloEquipo-e1723623624746.jpg\" \/>\n\t<meta property=\"og:image:width\" content=\"953\" \/>\n\t<meta property=\"og:image:height\" content=\"953\" \/>\n\t<meta property=\"og:image:type\" content=\"image\/jpeg\" \/>\n<meta name=\"author\" content=\"jochenS\" \/>\n<meta name=\"twitter:card\" content=\"summary_large_image\" \/>\n<meta name=\"twitter:label1\" content=\"Written by\" \/>\n\t<meta name=\"twitter:data1\" content=\"jochenS\" \/>\n\t<meta name=\"twitter:label2\" content=\"Est. reading time\" \/>\n\t<meta name=\"twitter:data2\" content=\"1 minute\" \/>\n<script type=\"application\/ld+json\" class=\"yoast-schema-graph\">{\"@context\":\"https:\\\/\\\/schema.org\",\"@graph\":[{\"@type\":\"Article\",\"@id\":\"https:\\\/\\\/elsur-racing.de\\\/en\\\/2024\\\/08\\\/1-schoenaicher-polo-cup\\\/#article\",\"isPartOf\":{\"@id\":\"https:\\\/\\\/elsur-racing.de\\\/en\\\/2024\\\/08\\\/1-schoenaicher-polo-cup\\\/\"},\"author\":{\"name\":\"jochenS\",\"@id\":\"https:\\\/\\\/elsur-racing.de\\\/en\\\/#\\\/schema\\\/person\\\/194a5e823490b8d996315c19ce22e0b2\"},\"headline\":\"1st Sch\u00f6naicher Polo Cup\",\"datePublished\":\"2024-08-14T07:50:41+00:00\",\"dateModified\":\"2024-08-17T07:59:26+00:00\",\"mainEntityOfPage\":{\"@id\":\"https:\\\/\\\/elsur-racing.de\\\/en\\\/2024\\\/08\\\/1-schoenaicher-polo-cup\\\/\"},\"wordCount\":106,\"commentCount\":0,\"publisher\":{\"@id\":\"https:\\\/\\\/elsur-racing.de\\\/en\\\/#organization\"},\"image\":{\"@id\":\"https:\\\/\\\/elsur-racing.de\\\/en\\\/2024\\\/08\\\/1-schoenaicher-polo-cup\\\/#primaryimage\"},\"thumbnailUrl\":\"https:\\\/\\\/elsur-racing.de\\\/wp-content\\\/uploads\\\/2024\\\/08\\\/ElSurPoloEquipo-e1723623624746.jpg\",\"keywords\":[\"El Sur\",\"El Sur Polo\",\"Holzapfel\",\"Jochen Stargardt\",\"Polo\",\"Polo-Pferde-Zucht\",\"Polo-Ponies\",\"Polobreeding\",\"Pololife\",\"Polopferde\",\"Sch\u00f6naich\"],\"articleSection\":[\"Generally\",\"Polo\"],\"inLanguage\":\"en-US\",\"potentialAction\":[{\"@type\":\"CommentAction\",\"name\":\"Comment\",\"target\":[\"https:\\\/\\\/elsur-racing.de\\\/en\\\/2024\\\/08\\\/1-schoenaicher-polo-cup\\\/#respond\"]}]},{\"@type\":\"WebPage\",\"@id\":\"https:\\\/\\\/elsur-racing.de\\\/en\\\/2024\\\/08\\\/1-schoenaicher-polo-cup\\\/\",\"url\":\"https:\\\/\\\/elsur-racing.de\\\/en\\\/2024\\\/08\\\/1-schoenaicher-polo-cup\\\/\",\"name\":\"1st Sch\u00f6naicher Polo Cup - ElSur - RACING\",\"isPartOf\":{\"@id\":\"https:\\\/\\\/elsur-racing.de\\\/en\\\/#website\"},\"primaryImageOfPage\":{\"@id\":\"https:\\\/\\\/elsur-racing.de\\\/en\\\/2024\\\/08\\\/1-schoenaicher-polo-cup\\\/#primaryimage\"},\"image\":{\"@id\":\"https:\\\/\\\/elsur-racing.de\\\/en\\\/2024\\\/08\\\/1-schoenaicher-polo-cup\\\/#primaryimage\"},\"thumbnailUrl\":\"https:\\\/\\\/elsur-racing.de\\\/wp-content\\\/uploads\\\/2024\\\/08\\\/ElSurPoloEquipo-e1723623624746.jpg\",\"datePublished\":\"2024-08-14T07:50:41+00:00\",\"dateModified\":\"2024-08-17T07:59:26+00:00\",\"breadcrumb\":{\"@id\":\"https:\\\/\\\/elsur-racing.de\\\/en\\\/2024\\\/08\\\/1-schoenaicher-polo-cup\\\/#breadcrumb\"},\"inLanguage\":\"en-US\",\"potentialAction\":[{\"@type\":\"ReadAction\",\"target\":[\"https:\\\/\\\/elsur-racing.de\\\/en\\\/2024\\\/08\\\/1-schoenaicher-polo-cup\\\/\"]}]},{\"@type\":\"ImageObject\",\"inLanguage\":\"en-US\",\"@id\":\"https:\\\/\\\/elsur-racing.de\\\/en\\\/2024\\\/08\\\/1-schoenaicher-polo-cup\\\/#primaryimage\",\"url\":\"https:\\\/\\\/elsur-racing.de\\\/wp-content\\\/uploads\\\/2024\\\/08\\\/ElSurPoloEquipo-e1723623624746.jpg\",\"contentUrl\":\"https:\\\/\\\/elsur-racing.de\\\/wp-content\\\/uploads\\\/2024\\\/08\\\/ElSurPoloEquipo-e1723623624746.jpg\",\"width\":953,\"height\":953},{\"@type\":\"BreadcrumbList\",\"@id\":\"https:\\\/\\\/elsur-racing.de\\\/en\\\/2024\\\/08\\\/1-schoenaicher-polo-cup\\\/#breadcrumb\",\"itemListElement\":[{\"@type\":\"ListItem\",\"position\":1,\"name\":\"Home page\",\"item\":\"https:\\\/\\\/elsur-racing.de\\\/en\\\/\"},{\"@type\":\"ListItem\",\"position\":2,\"name\":\"1st Sch\u00f6naicher Polo Cup\"}]},{\"@type\":\"WebSite\",\"@id\":\"https:\\\/\\\/elsur-racing.de\\\/en\\\/#website\",\"url\":\"https:\\\/\\\/elsur-racing.de\\\/en\\\/\",\"name\":\"ElSur - RACING\",\"description\":\"elsur -team, -racing, -stud, -horsetransport\",\"publisher\":{\"@id\":\"https:\\\/\\\/elsur-racing.de\\\/en\\\/#organization\"},\"potentialAction\":[{\"@type\":\"SearchAction\",\"target\":{\"@type\":\"EntryPoint\",\"urlTemplate\":\"https:\\\/\\\/elsur-racing.de\\\/en\\\/?s={search_term_string}\"},\"query-input\":{\"@type\":\"PropertyValueSpecification\",\"valueRequired\":true,\"valueName\":\"search_term_string\"}}],\"inLanguage\":\"en-US\"},{\"@type\":\"Organization\",\"@id\":\"https:\\\/\\\/elsur-racing.de\\\/en\\\/#organization\",\"name\":\"ElSur - RACING\",\"url\":\"https:\\\/\\\/elsur-racing.de\\\/en\\\/\",\"logo\":{\"@type\":\"ImageObject\",\"inLanguage\":\"en-US\",\"@id\":\"https:\\\/\\\/elsur-racing.de\\\/en\\\/#\\\/schema\\\/logo\\\/image\\\/\",\"url\":\"https:\\\/\\\/elsur-racing.de\\\/wp-content\\\/uploads\\\/2019\\\/12\\\/LogoESPoloRacingStudbw.jpg\",\"contentUrl\":\"https:\\\/\\\/elsur-racing.de\\\/wp-content\\\/uploads\\\/2019\\\/12\\\/LogoESPoloRacingStudbw.jpg\",\"width\":2000,\"height\":2000,\"caption\":\"ElSur - RACING\"},\"image\":{\"@id\":\"https:\\\/\\\/elsur-racing.de\\\/en\\\/#\\\/schema\\\/logo\\\/image\\\/\"},\"sameAs\":[\"https:\\\/\\\/www.facebook.com\\\/elsurracing\"]},{\"@type\":\"Person\",\"@id\":\"https:\\\/\\\/elsur-racing.de\\\/en\\\/#\\\/schema\\\/person\\\/194a5e823490b8d996315c19ce22e0b2\",\"name\":\"jochenS\",\"image\":{\"@type\":\"ImageObject\",\"inLanguage\":\"en-US\",\"@id\":\"https:\\\/\\\/secure.gravatar.com\\\/avatar\\\/be1d72a69a8fd0530768b25935c438282455ec00aa59747d82353fed55109023?s=96&d=mm&r=g\",\"url\":\"https:\\\/\\\/secure.gravatar.com\\\/avatar\\\/be1d72a69a8fd0530768b25935c438282455ec00aa59747d82353fed55109023?s=96&d=mm&r=g\",\"contentUrl\":\"https:\\\/\\\/secure.gravatar.com\\\/avatar\\\/be1d72a69a8fd0530768b25935c438282455ec00aa59747d82353fed55109023?s=96&d=mm&r=g\",\"caption\":\"jochenS\"},\"sameAs\":[\"http:\\\/\\\/www.elsur-racing.de\"],\"url\":\"https:\\\/\\\/elsur-racing.de\\\/en\\\/author\\\/jochens\\\/\"}]}<\/script>\n<!-- \/ Yoast SEO plugin. -->","yoast_head_json":{"title":"1st Sch\u00f6naicher Polo Cup - ElSur - RACING","robots":{"index":"index","follow":"follow","max-snippet":"max-snippet:-1","max-image-preview":"max-image-preview:large","max-video-preview":"max-video-preview:-1"},"canonical":"https:\/\/elsur-racing.de\/en\/2024\/08\/1-schoenaicher-polo-cup\/","og_locale":"en_US","og_type":"article","og_title":"1st Sch\u00f6naicher Polo Cup - ElSur - RACING","og_description":"Last weekend, the 1st Sch\u00f6naich Polo Cup took place at the facility of the Holzapfel family in Sch\u00f6naich, near B\u00f6blingen. In fantastic weather, 6 teams fought for the trophies over two days. Due to the somewhat smaller field, there were only 3 instead of the usual 4 players per team. In the end, the home [&hellip;]","og_url":"https:\/\/elsur-racing.de\/en\/2024\/08\/1-schoenaicher-polo-cup\/","og_site_name":"ElSur - RACING","article_publisher":"https:\/\/www.facebook.com\/elsurracing","article_published_time":"2024-08-14T07:50:41+00:00","article_modified_time":"2024-08-17T07:59:26+00:00","og_image":[{"width":953,"height":953,"url":"https:\/\/elsur-racing.de\/wp-content\/uploads\/2024\/08\/ElSurPoloEquipo-e1723623624746.jpg","type":"image\/jpeg"}],"author":"jochenS","twitter_card":"summary_large_image","twitter_misc":{"Written by":"jochenS","Est. reading time":"1 minute"},"schema":{"@context":"https:\/\/schema.org","@graph":[{"@type":"Article","@id":"https:\/\/elsur-racing.de\/en\/2024\/08\/1-schoenaicher-polo-cup\/#article","isPartOf":{"@id":"https:\/\/elsur-racing.de\/en\/2024\/08\/1-schoenaicher-polo-cup\/"},"author":{"name":"jochenS","@id":"https:\/\/elsur-racing.de\/en\/#\/schema\/person\/194a5e823490b8d996315c19ce22e0b2"},"headline":"1st Sch\u00f6naicher Polo Cup","datePublished":"2024-08-14T07:50:41+00:00","dateModified":"2024-08-17T07:59:26+00:00","mainEntityOfPage":{"@id":"https:\/\/elsur-racing.de\/en\/2024\/08\/1-schoenaicher-polo-cup\/"},"wordCount":106,"commentCount":0,"publisher":{"@id":"https:\/\/elsur-racing.de\/en\/#organization"},"image":{"@id":"https:\/\/elsur-racing.de\/en\/2024\/08\/1-schoenaicher-polo-cup\/#primaryimage"},"thumbnailUrl":"https:\/\/elsur-racing.de\/wp-content\/uploads\/2024\/08\/ElSurPoloEquipo-e1723623624746.jpg","keywords":["El Sur","El Sur Polo","Holzapfel","Jochen Stargardt","Polo","Polo-Pferde-Zucht","Polo-Ponies","Polobreeding","Pololife","Polopferde","Sch\u00f6naich"],"articleSection":["Generally","Polo"],"inLanguage":"en-US","potentialAction":[{"@type":"CommentAction","name":"Comment","target":["https:\/\/elsur-racing.de\/en\/2024\/08\/1-schoenaicher-polo-cup\/#respond"]}]},{"@type":"WebPage","@id":"https:\/\/elsur-racing.de\/en\/2024\/08\/1-schoenaicher-polo-cup\/","url":"https:\/\/elsur-racing.de\/en\/2024\/08\/1-schoenaicher-polo-cup\/","name":"1st Sch\u00f6naicher Polo Cup - ElSur - RACING","isPartOf":{"@id":"https:\/\/elsur-racing.de\/en\/#website"},"primaryImageOfPage":{"@id":"https:\/\/elsur-racing.de\/en\/2024\/08\/1-schoenaicher-polo-cup\/#primaryimage"},"image":{"@id":"https:\/\/elsur-racing.de\/en\/2024\/08\/1-schoenaicher-polo-cup\/#primaryimage"},"thumbnailUrl":"https:\/\/elsur-racing.de\/wp-content\/uploads\/2024\/08\/ElSurPoloEquipo-e1723623624746.jpg","datePublished":"2024-08-14T07:50:41+00:00","dateModified":"2024-08-17T07:59:26+00:00","breadcrumb":{"@id":"https:\/\/elsur-racing.de\/en\/2024\/08\/1-schoenaicher-polo-cup\/#breadcrumb"},"inLanguage":"en-US","potentialAction":[{"@type":"ReadAction","target":["https:\/\/elsur-racing.de\/en\/2024\/08\/1-schoenaicher-polo-cup\/"]}]},{"@type":"ImageObject","inLanguage":"en-US","@id":"https:\/\/elsur-racing.de\/en\/2024\/08\/1-schoenaicher-polo-cup\/#primaryimage","url":"https:\/\/elsur-racing.de\/wp-content\/uploads\/2024\/08\/ElSurPoloEquipo-e1723623624746.jpg","contentUrl":"https:\/\/elsur-racing.de\/wp-content\/uploads\/2024\/08\/ElSurPoloEquipo-e1723623624746.jpg","width":953,"height":953},{"@type":"BreadcrumbList","@id":"https:\/\/elsur-racing.de\/en\/2024\/08\/1-schoenaicher-polo-cup\/#breadcrumb","itemListElement":[{"@type":"ListItem","position":1,"name":"Home page","item":"https:\/\/elsur-racing.de\/en\/"},{"@type":"ListItem","position":2,"name":"1st Sch\u00f6naicher Polo Cup"}]},{"@type":"WebSite","@id":"https:\/\/elsur-racing.de\/en\/#website","url":"https:\/\/elsur-racing.de\/en\/","name":"ElSur - RACING","description":"elsur -team, -racing, -stud, -horsetransport","publisher":{"@id":"https:\/\/elsur-racing.de\/en\/#organization"},"potentialAction":[{"@type":"SearchAction","target":{"@type":"EntryPoint","urlTemplate":"https:\/\/elsur-racing.de\/en\/?s={search_term_string}"},"query-input":{"@type":"PropertyValueSpecification","valueRequired":true,"valueName":"search_term_string"}}],"inLanguage":"en-US"},{"@type":"Organization","@id":"https:\/\/elsur-racing.de\/en\/#organization","name":"ElSur - RACING","url":"https:\/\/elsur-racing.de\/en\/","logo":{"@type":"ImageObject","inLanguage":"en-US","@id":"https:\/\/elsur-racing.de\/en\/#\/schema\/logo\/image\/","url":"https:\/\/elsur-racing.de\/wp-content\/uploads\/2019\/12\/LogoESPoloRacingStudbw.jpg","contentUrl":"https:\/\/elsur-racing.de\/wp-content\/uploads\/2019\/12\/LogoESPoloRacingStudbw.jpg","width":2000,"height":2000,"caption":"ElSur - RACING"},"image":{"@id":"https:\/\/elsur-racing.de\/en\/#\/schema\/logo\/image\/"},"sameAs":["https:\/\/www.facebook.com\/elsurracing"]},{"@type":"Person","@id":"https:\/\/elsur-racing.de\/en\/#\/schema\/person\/194a5e823490b8d996315c19ce22e0b2","name":"jochenS","image":{"@type":"ImageObject","inLanguage":"en-US","@id":"https:\/\/secure.gravatar.com\/avatar\/be1d72a69a8fd0530768b25935c438282455ec00aa59747d82353fed55109023?s=96&d=mm&r=g","url":"https:\/\/secure.gravatar.com\/avatar\/be1d72a69a8fd0530768b25935c438282455ec00aa59747d82353fed55109023?s=96&d=mm&r=g","contentUrl":"https:\/\/secure.gravatar.com\/avatar\/be1d72a69a8fd0530768b25935c438282455ec00aa59747d82353fed55109023?s=96&d=mm&r=g","caption":"jochenS"},"sameAs":["http:\/\/www.elsur-racing.de"],"url":"https:\/\/elsur-racing.de\/en\/author\/jochens\/"}]}},"_links":{"self":[{"href":"https:\/\/elsur-racing.de\/en\/wp-json\/wp\/v2\/posts\/8849","targetHints":{"allow":["GET"]}}],"collection":[{"href":"https:\/\/elsur-racing.de\/en\/wp-json\/wp\/v2\/posts"}],"about":[{"href":"https:\/\/elsur-racing.de\/en\/wp-json\/wp\/v2\/types\/post"}],"author":[{"embeddable":true,"href":"https:\/\/elsur-racing.de\/en\/wp-json\/wp\/v2\/users\/1"}],"replies":[{"embeddable":true,"href":"https:\/\/elsur-racing.de\/en\/wp-json\/wp\/v2\/comments?post=8849"}],"version-history":[{"count":5,"href":"https:\/\/elsur-racing.de\/en\/wp-json\/wp\/v2\/posts\/8849\/revisions"}],"predecessor-version":[{"id":8877,"href":"https:\/\/elsur-racing.de\/en\/wp-json\/wp\/v2\/posts\/8849\/revisions\/8877"}],"wp:featuredmedia":[{"embeddable":true,"href":"https:\/\/elsur-racing.de\/en\/wp-json\/wp\/v2\/media\/8868"}],"wp:attachment":[{"href":"https:\/\/elsur-racing.de\/en\/wp-json\/wp\/v2\/media?parent=8849"}],"wp:term":[{"taxonomy":"category","embeddable":true,"href":"https:\/\/elsur-racing.de\/en\/wp-json\/wp\/v2\/categories?post=8849"},{"taxonomy":"post_tag","embeddable":true,"href":"https:\/\/elsur-racing.de\/en\/wp-json\/wp\/v2\/tags?post=8849"}],"curies":[{"name":"wp","href":"https:\/\/api.w.org\/{rel}","templated":true}]}}