{"id":4208,"date":"2021-01-26T15:49:10","date_gmt":"2021-01-26T14:49:10","guid":{"rendered":"https:\/\/elsur-racing.de\/2021\/01\/desfile-de-establos-2021-quartier-figge\/"},"modified":"2021-02-10T13:11:10","modified_gmt":"2021-02-10T12:11:10","slug":"desfile-de-establos-2021-quartier-figge","status":"publish","type":"post","link":"https:\/\/elsur-racing.de\/es\/2021\/01\/desfile-de-establos-2021-quartier-figge\/","title":{"rendered":"Desfile de Establos 2021 \u00abQuartier Figge\u00bb"},"content":{"rendered":"<p>[et_pb_section fb_built=\u00bb1&#8243; _builder_version=\u00bb4.7.6&#8243; _module_preset=\u00bbdefault\u00bb][et_pb_row _builder_version=\u00bb4.7.6&#8243; _module_preset=\u00bbdefault\u00bb custom_margin=\u00bb-50px||||false|false\u00bb][et_pb_column type=\u00bb4_4&#8243; _builder_version=\u00bb4.7.6&#8243; _module_preset=\u00bbdefault\u00bb][et_pb_text _builder_version=\u00bb4.7.6&#8243; _module_preset=\u00bbdefault\u00bb hover_enabled=\u00bb0&#8243; sticky_enabled=\u00bb0&#8243;]<\/p>\n<p><span style=\"font-family: tahoma, arial, helvetica, sans-serif; font-size: 12pt;\">Siete ni\u00f1os de dos a\u00f1os y ocho ni\u00f1os de tres a\u00f1os proporcionan sangre fresca en el establo de Michael Figge. En una entrevista con Sport Welt, Michael Figge expres\u00f3 optimismo para el a\u00f1o 2021 en vista de los j\u00f3venes aspirantes. <\/span><br \/>\n<span style=\"font-family: tahoma, arial, helvetica, sans-serif; font-size: 12pt;\">Con \u00abEl Sur Racing\u00bb con Creek Starlet, Pop Starlet, Shining Starlet, Wonderful Starlet, Flashing Starlet, La Estrellita, Quenn of Starlets y Quijana Starlet.<\/span><\/p>\n<p style=\"text-align: center;\"><span style=\"font-family: tahoma, arial, helvetica, sans-serif; font-size: 12pt;\">El informe del \u00a0<a href=\"https:\/\/galopponline.de\/sport-welt\" target=\"_blank\" rel=\"noopener\">\u00abSport-Welt\u00bb<\/a>\u00a0 con los resultados de la carrera 2020<br \/>\ny la lista de formaci\u00f3n para 2021 se puede encontrar en su totalidad aqu\u00ed: <\/span><br \/>\n<a href=\"https:\/\/elsur-racing.de\/wp-content\/uploads\/2021\/01\/Stallparade-Figge-2021.pdf\" target=\"_blank\" rel=\"noopener\"><span style=\"font-family: tahoma, arial, helvetica, sans-serif; font-size: 12pt;\">Desfile de establos Figge 2021.pdf<\/span><\/a><\/p>\n<p>[\/et_pb_text][et_pb_button button_url=\u00bbhttps:\/\/elsur-racing.de\/#blog\u00bb button_text=\u00bbZur\u00fcck zum Blog!\u00bb button_alignment=\u00bbleft\u00bb _builder_version=\u00bb4.0.6&#8243; custom_button=\u00bbon\u00bb button_text_size=\u00bb16px\u00bb button_text_color=\u00bb#1269b0&#8243; button_icon=\u00bb%%2%%\u00bb button_icon_color=\u00bb#1269b0&#8243; z_index_tablet=\u00bb500&#8243; button_text_shadow_horizontal_length_tablet=\u00bb0px\u00bb button_text_shadow_vertical_length_tablet=\u00bb0px\u00bb button_text_shadow_blur_strength_tablet=\u00bb1px\u00bb box_shadow_horizontal_tablet=\u00bb0px\u00bb box_shadow_vertical_tablet=\u00bb0px\u00bb box_shadow_blur_tablet=\u00bb40px\u00bb box_shadow_spread_tablet=\u00bb0px\u00bb saved_tabs=\u00bball\u00bb][\/et_pb_button][\/et_pb_column][\/et_pb_row][\/et_pb_section]<\/p>\n","protected":false},"excerpt":{"rendered":"<p>[et_pb_section fb_built=\u00bb1&#8243; _builder_version=\u00bb4.7.6&#8243; _module_preset=\u00bbdefault\u00bb][et_pb_row _builder_version=\u00bb4.7.6&#8243; _module_preset=\u00bbdefault\u00bb custom_margin=\u00bb-50px||||false|false\u00bb][et_pb_column type=\u00bb4_4&#8243; _builder_version=\u00bb4.7.6&#8243; _module_preset=\u00bbdefault\u00bb][et_pb_text _builder_version=\u00bb4.7.6&#8243; _module_preset=\u00bbdefault\u00bb hover_enabled=\u00bb0&#8243; sticky_enabled=\u00bb0&#8243;] Siete ni\u00f1os de dos a\u00f1os y ocho ni\u00f1os de tres a\u00f1os proporcionan sangre fresca en el establo de Michael Figge. En una entrevista con Sport Welt, Michael Figge expres\u00f3 optimismo para el a\u00f1o 2021 en vista de los j\u00f3venes aspirantes. Con [&hellip;]<\/p>\n","protected":false},"author":1,"featured_media":4196,"comment_status":"open","ping_status":"open","sticky":false,"template":"","format":"standard","meta":{"_et_pb_use_builder":"","_et_pb_old_content":"","_et_gb_content_width":"","footnotes":""},"categories":[34],"tags":[],"class_list":["post-4208","post","type-post","status-publish","format-standard","has-post-thumbnail","hentry","category-carreras"],"yoast_head":"<!-- This site is optimized with the Yoast SEO plugin v27.4 - https:\/\/yoast.com\/product\/yoast-seo-wordpress\/ -->\n<title>Desfile de Establos 2021 &quot;Quartier Figge&quot; - ElSur - RACING<\/title>\n<meta name=\"robots\" content=\"index, follow, max-snippet:-1, max-image-preview:large, max-video-preview:-1\" \/>\n<link rel=\"canonical\" href=\"https:\/\/elsur-racing.de\/es\/2021\/01\/desfile-de-establos-2021-quartier-figge\/\" \/>\n<meta property=\"og:locale\" content=\"es_ES\" \/>\n<meta property=\"og:type\" content=\"article\" \/>\n<meta property=\"og:title\" content=\"Desfile de Establos 2021 &quot;Quartier Figge&quot; - ElSur - RACING\" \/>\n<meta property=\"og:description\" content=\"[et_pb_section fb_built=\u00bb1&#8243; _builder_version=\u00bb4.7.6&#8243; _module_preset=\u00bbdefault\u00bb][et_pb_row _builder_version=\u00bb4.7.6&#8243; _module_preset=\u00bbdefault\u00bb custom_margin=\u00bb-50px||||false|false\u00bb][et_pb_column type=\u00bb4_4&#8243; _builder_version=\u00bb4.7.6&#8243; _module_preset=\u00bbdefault\u00bb][et_pb_text _builder_version=\u00bb4.7.6&#8243; _module_preset=\u00bbdefault\u00bb hover_enabled=\u00bb0&#8243; sticky_enabled=\u00bb0&#8243;] Siete ni\u00f1os de dos a\u00f1os y ocho ni\u00f1os de tres a\u00f1os proporcionan sangre fresca en el establo de Michael Figge. En una entrevista con Sport Welt, Michael Figge expres\u00f3 optimismo para el a\u00f1o 2021 en vista de los j\u00f3venes aspirantes. Con [&hellip;]\" \/>\n<meta property=\"og:url\" content=\"https:\/\/elsur-racing.de\/es\/2021\/01\/desfile-de-establos-2021-quartier-figge\/\" \/>\n<meta property=\"og:site_name\" content=\"ElSur - RACING\" \/>\n<meta property=\"article:publisher\" content=\"https:\/\/www.facebook.com\/elsurracing\" \/>\n<meta property=\"article:published_time\" content=\"2021-01-26T14:49:10+00:00\" \/>\n<meta property=\"article:modified_time\" content=\"2021-02-10T12:11:10+00:00\" \/>\n<meta property=\"og:image\" content=\"https:\/\/elsur-racing.de\/wp-content\/uploads\/2021\/01\/StallparadeFigge2021.jpg\" \/>\n\t<meta property=\"og:image:width\" content=\"795\" \/>\n\t<meta property=\"og:image:height\" content=\"524\" \/>\n\t<meta property=\"og:image:type\" content=\"image\/jpeg\" \/>\n<meta name=\"author\" content=\"jochenS\" \/>\n<meta name=\"twitter:card\" content=\"summary_large_image\" \/>\n<meta name=\"twitter:label1\" content=\"Escrito por\" \/>\n\t<meta name=\"twitter:data1\" content=\"jochenS\" \/>\n\t<meta name=\"twitter:label2\" content=\"Tiempo de lectura\" \/>\n\t<meta name=\"twitter:data2\" content=\"1 minuto\" \/>\n<script type=\"application\/ld+json\" class=\"yoast-schema-graph\">{\"@context\":\"https:\\\/\\\/schema.org\",\"@graph\":[{\"@type\":\"Article\",\"@id\":\"https:\\\/\\\/elsur-racing.de\\\/es\\\/2021\\\/01\\\/desfile-de-establos-2021-quartier-figge\\\/#article\",\"isPartOf\":{\"@id\":\"https:\\\/\\\/elsur-racing.de\\\/es\\\/2021\\\/01\\\/desfile-de-establos-2021-quartier-figge\\\/\"},\"author\":{\"name\":\"jochenS\",\"@id\":\"https:\\\/\\\/elsur-racing.de\\\/es\\\/#\\\/schema\\\/person\\\/194a5e823490b8d996315c19ce22e0b2\"},\"headline\":\"Desfile de Establos 2021 \u00abQuartier Figge\u00bb\",\"datePublished\":\"2021-01-26T14:49:10+00:00\",\"dateModified\":\"2021-02-10T12:11:10+00:00\",\"mainEntityOfPage\":{\"@id\":\"https:\\\/\\\/elsur-racing.de\\\/es\\\/2021\\\/01\\\/desfile-de-establos-2021-quartier-figge\\\/\"},\"wordCount\":246,\"commentCount\":0,\"publisher\":{\"@id\":\"https:\\\/\\\/elsur-racing.de\\\/es\\\/#organization\"},\"image\":{\"@id\":\"https:\\\/\\\/elsur-racing.de\\\/es\\\/2021\\\/01\\\/desfile-de-establos-2021-quartier-figge\\\/#primaryimage\"},\"thumbnailUrl\":\"https:\\\/\\\/elsur-racing.de\\\/wp-content\\\/uploads\\\/2021\\\/01\\\/StallparadeFigge2021.jpg\",\"articleSection\":[\"Carreras\"],\"inLanguage\":\"es\",\"potentialAction\":[{\"@type\":\"CommentAction\",\"name\":\"Comment\",\"target\":[\"https:\\\/\\\/elsur-racing.de\\\/es\\\/2021\\\/01\\\/desfile-de-establos-2021-quartier-figge\\\/#respond\"]}]},{\"@type\":\"WebPage\",\"@id\":\"https:\\\/\\\/elsur-racing.de\\\/es\\\/2021\\\/01\\\/desfile-de-establos-2021-quartier-figge\\\/\",\"url\":\"https:\\\/\\\/elsur-racing.de\\\/es\\\/2021\\\/01\\\/desfile-de-establos-2021-quartier-figge\\\/\",\"name\":\"Desfile de Establos 2021 \\\"Quartier Figge\\\" - ElSur - RACING\",\"isPartOf\":{\"@id\":\"https:\\\/\\\/elsur-racing.de\\\/es\\\/#website\"},\"primaryImageOfPage\":{\"@id\":\"https:\\\/\\\/elsur-racing.de\\\/es\\\/2021\\\/01\\\/desfile-de-establos-2021-quartier-figge\\\/#primaryimage\"},\"image\":{\"@id\":\"https:\\\/\\\/elsur-racing.de\\\/es\\\/2021\\\/01\\\/desfile-de-establos-2021-quartier-figge\\\/#primaryimage\"},\"thumbnailUrl\":\"https:\\\/\\\/elsur-racing.de\\\/wp-content\\\/uploads\\\/2021\\\/01\\\/StallparadeFigge2021.jpg\",\"datePublished\":\"2021-01-26T14:49:10+00:00\",\"dateModified\":\"2021-02-10T12:11:10+00:00\",\"breadcrumb\":{\"@id\":\"https:\\\/\\\/elsur-racing.de\\\/es\\\/2021\\\/01\\\/desfile-de-establos-2021-quartier-figge\\\/#breadcrumb\"},\"inLanguage\":\"es\",\"potentialAction\":[{\"@type\":\"ReadAction\",\"target\":[\"https:\\\/\\\/elsur-racing.de\\\/es\\\/2021\\\/01\\\/desfile-de-establos-2021-quartier-figge\\\/\"]}]},{\"@type\":\"ImageObject\",\"inLanguage\":\"es\",\"@id\":\"https:\\\/\\\/elsur-racing.de\\\/es\\\/2021\\\/01\\\/desfile-de-establos-2021-quartier-figge\\\/#primaryimage\",\"url\":\"https:\\\/\\\/elsur-racing.de\\\/wp-content\\\/uploads\\\/2021\\\/01\\\/StallparadeFigge2021.jpg\",\"contentUrl\":\"https:\\\/\\\/elsur-racing.de\\\/wp-content\\\/uploads\\\/2021\\\/01\\\/StallparadeFigge2021.jpg\",\"width\":795,\"height\":524,\"caption\":\"Stallparade Quartier Figge 2021\"},{\"@type\":\"BreadcrumbList\",\"@id\":\"https:\\\/\\\/elsur-racing.de\\\/es\\\/2021\\\/01\\\/desfile-de-establos-2021-quartier-figge\\\/#breadcrumb\",\"itemListElement\":[{\"@type\":\"ListItem\",\"position\":1,\"name\":\"P\u00e1gina principal\",\"item\":\"https:\\\/\\\/elsur-racing.de\\\/es\\\/\"},{\"@type\":\"ListItem\",\"position\":2,\"name\":\"Desfile de Establos 2021 &#8222;Quartier Figge&#8220;\"}]},{\"@type\":\"WebSite\",\"@id\":\"https:\\\/\\\/elsur-racing.de\\\/es\\\/#website\",\"url\":\"https:\\\/\\\/elsur-racing.de\\\/es\\\/\",\"name\":\"ElSur - RACING\",\"description\":\"elsur -team, -racing, -stud, -horsetransport\",\"publisher\":{\"@id\":\"https:\\\/\\\/elsur-racing.de\\\/es\\\/#organization\"},\"potentialAction\":[{\"@type\":\"SearchAction\",\"target\":{\"@type\":\"EntryPoint\",\"urlTemplate\":\"https:\\\/\\\/elsur-racing.de\\\/es\\\/?s={search_term_string}\"},\"query-input\":{\"@type\":\"PropertyValueSpecification\",\"valueRequired\":true,\"valueName\":\"search_term_string\"}}],\"inLanguage\":\"es\"},{\"@type\":\"Organization\",\"@id\":\"https:\\\/\\\/elsur-racing.de\\\/es\\\/#organization\",\"name\":\"ElSur - CARRERAS\",\"url\":\"https:\\\/\\\/elsur-racing.de\\\/es\\\/\",\"logo\":{\"@type\":\"ImageObject\",\"inLanguage\":\"es\",\"@id\":\"https:\\\/\\\/elsur-racing.de\\\/es\\\/#\\\/schema\\\/logo\\\/image\\\/\",\"url\":\"https:\\\/\\\/elsur-racing.de\\\/wp-content\\\/uploads\\\/2019\\\/12\\\/LogoESPoloRacingStudbw.jpg\",\"contentUrl\":\"https:\\\/\\\/elsur-racing.de\\\/wp-content\\\/uploads\\\/2019\\\/12\\\/LogoESPoloRacingStudbw.jpg\",\"width\":2000,\"height\":2000,\"caption\":\"ElSur - CARRERAS\"},\"image\":{\"@id\":\"https:\\\/\\\/elsur-racing.de\\\/es\\\/#\\\/schema\\\/logo\\\/image\\\/\"},\"sameAs\":[\"https:\\\/\\\/www.facebook.com\\\/elsurracing\"]},{\"@type\":\"Person\",\"@id\":\"https:\\\/\\\/elsur-racing.de\\\/es\\\/#\\\/schema\\\/person\\\/194a5e823490b8d996315c19ce22e0b2\",\"name\":\"jochenS\",\"image\":{\"@type\":\"ImageObject\",\"inLanguage\":\"es\",\"@id\":\"https:\\\/\\\/secure.gravatar.com\\\/avatar\\\/be1d72a69a8fd0530768b25935c438282455ec00aa59747d82353fed55109023?s=96&d=mm&r=g\",\"url\":\"https:\\\/\\\/secure.gravatar.com\\\/avatar\\\/be1d72a69a8fd0530768b25935c438282455ec00aa59747d82353fed55109023?s=96&d=mm&r=g\",\"contentUrl\":\"https:\\\/\\\/secure.gravatar.com\\\/avatar\\\/be1d72a69a8fd0530768b25935c438282455ec00aa59747d82353fed55109023?s=96&d=mm&r=g\",\"caption\":\"jochenS\"},\"sameAs\":[\"http:\\\/\\\/www.elsur-racing.de\"],\"url\":\"https:\\\/\\\/elsur-racing.de\\\/es\\\/author\\\/jochens\\\/\"}]}<\/script>\n<!-- \/ Yoast SEO plugin. -->","yoast_head_json":{"title":"Desfile de Establos 2021 \"Quartier Figge\" - ElSur - RACING","robots":{"index":"index","follow":"follow","max-snippet":"max-snippet:-1","max-image-preview":"max-image-preview:large","max-video-preview":"max-video-preview:-1"},"canonical":"https:\/\/elsur-racing.de\/es\/2021\/01\/desfile-de-establos-2021-quartier-figge\/","og_locale":"es_ES","og_type":"article","og_title":"Desfile de Establos 2021 \"Quartier Figge\" - ElSur - RACING","og_description":"[et_pb_section fb_built=\u00bb1&#8243; _builder_version=\u00bb4.7.6&#8243; _module_preset=\u00bbdefault\u00bb][et_pb_row _builder_version=\u00bb4.7.6&#8243; _module_preset=\u00bbdefault\u00bb custom_margin=\u00bb-50px||||false|false\u00bb][et_pb_column type=\u00bb4_4&#8243; _builder_version=\u00bb4.7.6&#8243; _module_preset=\u00bbdefault\u00bb][et_pb_text _builder_version=\u00bb4.7.6&#8243; _module_preset=\u00bbdefault\u00bb hover_enabled=\u00bb0&#8243; sticky_enabled=\u00bb0&#8243;] Siete ni\u00f1os de dos a\u00f1os y ocho ni\u00f1os de tres a\u00f1os proporcionan sangre fresca en el establo de Michael Figge. En una entrevista con Sport Welt, Michael Figge expres\u00f3 optimismo para el a\u00f1o 2021 en vista de los j\u00f3venes aspirantes. Con [&hellip;]","og_url":"https:\/\/elsur-racing.de\/es\/2021\/01\/desfile-de-establos-2021-quartier-figge\/","og_site_name":"ElSur - RACING","article_publisher":"https:\/\/www.facebook.com\/elsurracing","article_published_time":"2021-01-26T14:49:10+00:00","article_modified_time":"2021-02-10T12:11:10+00:00","og_image":[{"width":795,"height":524,"url":"https:\/\/elsur-racing.de\/wp-content\/uploads\/2021\/01\/StallparadeFigge2021.jpg","type":"image\/jpeg"}],"author":"jochenS","twitter_card":"summary_large_image","twitter_misc":{"Escrito por":"jochenS","Tiempo de lectura":"1 minuto"},"schema":{"@context":"https:\/\/schema.org","@graph":[{"@type":"Article","@id":"https:\/\/elsur-racing.de\/es\/2021\/01\/desfile-de-establos-2021-quartier-figge\/#article","isPartOf":{"@id":"https:\/\/elsur-racing.de\/es\/2021\/01\/desfile-de-establos-2021-quartier-figge\/"},"author":{"name":"jochenS","@id":"https:\/\/elsur-racing.de\/es\/#\/schema\/person\/194a5e823490b8d996315c19ce22e0b2"},"headline":"Desfile de Establos 2021 \u00abQuartier Figge\u00bb","datePublished":"2021-01-26T14:49:10+00:00","dateModified":"2021-02-10T12:11:10+00:00","mainEntityOfPage":{"@id":"https:\/\/elsur-racing.de\/es\/2021\/01\/desfile-de-establos-2021-quartier-figge\/"},"wordCount":246,"commentCount":0,"publisher":{"@id":"https:\/\/elsur-racing.de\/es\/#organization"},"image":{"@id":"https:\/\/elsur-racing.de\/es\/2021\/01\/desfile-de-establos-2021-quartier-figge\/#primaryimage"},"thumbnailUrl":"https:\/\/elsur-racing.de\/wp-content\/uploads\/2021\/01\/StallparadeFigge2021.jpg","articleSection":["Carreras"],"inLanguage":"es","potentialAction":[{"@type":"CommentAction","name":"Comment","target":["https:\/\/elsur-racing.de\/es\/2021\/01\/desfile-de-establos-2021-quartier-figge\/#respond"]}]},{"@type":"WebPage","@id":"https:\/\/elsur-racing.de\/es\/2021\/01\/desfile-de-establos-2021-quartier-figge\/","url":"https:\/\/elsur-racing.de\/es\/2021\/01\/desfile-de-establos-2021-quartier-figge\/","name":"Desfile de Establos 2021 \"Quartier Figge\" - ElSur - RACING","isPartOf":{"@id":"https:\/\/elsur-racing.de\/es\/#website"},"primaryImageOfPage":{"@id":"https:\/\/elsur-racing.de\/es\/2021\/01\/desfile-de-establos-2021-quartier-figge\/#primaryimage"},"image":{"@id":"https:\/\/elsur-racing.de\/es\/2021\/01\/desfile-de-establos-2021-quartier-figge\/#primaryimage"},"thumbnailUrl":"https:\/\/elsur-racing.de\/wp-content\/uploads\/2021\/01\/StallparadeFigge2021.jpg","datePublished":"2021-01-26T14:49:10+00:00","dateModified":"2021-02-10T12:11:10+00:00","breadcrumb":{"@id":"https:\/\/elsur-racing.de\/es\/2021\/01\/desfile-de-establos-2021-quartier-figge\/#breadcrumb"},"inLanguage":"es","potentialAction":[{"@type":"ReadAction","target":["https:\/\/elsur-racing.de\/es\/2021\/01\/desfile-de-establos-2021-quartier-figge\/"]}]},{"@type":"ImageObject","inLanguage":"es","@id":"https:\/\/elsur-racing.de\/es\/2021\/01\/desfile-de-establos-2021-quartier-figge\/#primaryimage","url":"https:\/\/elsur-racing.de\/wp-content\/uploads\/2021\/01\/StallparadeFigge2021.jpg","contentUrl":"https:\/\/elsur-racing.de\/wp-content\/uploads\/2021\/01\/StallparadeFigge2021.jpg","width":795,"height":524,"caption":"Stallparade Quartier Figge 2021"},{"@type":"BreadcrumbList","@id":"https:\/\/elsur-racing.de\/es\/2021\/01\/desfile-de-establos-2021-quartier-figge\/#breadcrumb","itemListElement":[{"@type":"ListItem","position":1,"name":"P\u00e1gina principal","item":"https:\/\/elsur-racing.de\/es\/"},{"@type":"ListItem","position":2,"name":"Desfile de Establos 2021 &#8222;Quartier Figge&#8220;"}]},{"@type":"WebSite","@id":"https:\/\/elsur-racing.de\/es\/#website","url":"https:\/\/elsur-racing.de\/es\/","name":"ElSur - RACING","description":"elsur -team, -racing, -stud, -horsetransport","publisher":{"@id":"https:\/\/elsur-racing.de\/es\/#organization"},"potentialAction":[{"@type":"SearchAction","target":{"@type":"EntryPoint","urlTemplate":"https:\/\/elsur-racing.de\/es\/?s={search_term_string}"},"query-input":{"@type":"PropertyValueSpecification","valueRequired":true,"valueName":"search_term_string"}}],"inLanguage":"es"},{"@type":"Organization","@id":"https:\/\/elsur-racing.de\/es\/#organization","name":"ElSur - CARRERAS","url":"https:\/\/elsur-racing.de\/es\/","logo":{"@type":"ImageObject","inLanguage":"es","@id":"https:\/\/elsur-racing.de\/es\/#\/schema\/logo\/image\/","url":"https:\/\/elsur-racing.de\/wp-content\/uploads\/2019\/12\/LogoESPoloRacingStudbw.jpg","contentUrl":"https:\/\/elsur-racing.de\/wp-content\/uploads\/2019\/12\/LogoESPoloRacingStudbw.jpg","width":2000,"height":2000,"caption":"ElSur - CARRERAS"},"image":{"@id":"https:\/\/elsur-racing.de\/es\/#\/schema\/logo\/image\/"},"sameAs":["https:\/\/www.facebook.com\/elsurracing"]},{"@type":"Person","@id":"https:\/\/elsur-racing.de\/es\/#\/schema\/person\/194a5e823490b8d996315c19ce22e0b2","name":"jochenS","image":{"@type":"ImageObject","inLanguage":"es","@id":"https:\/\/secure.gravatar.com\/avatar\/be1d72a69a8fd0530768b25935c438282455ec00aa59747d82353fed55109023?s=96&d=mm&r=g","url":"https:\/\/secure.gravatar.com\/avatar\/be1d72a69a8fd0530768b25935c438282455ec00aa59747d82353fed55109023?s=96&d=mm&r=g","contentUrl":"https:\/\/secure.gravatar.com\/avatar\/be1d72a69a8fd0530768b25935c438282455ec00aa59747d82353fed55109023?s=96&d=mm&r=g","caption":"jochenS"},"sameAs":["http:\/\/www.elsur-racing.de"],"url":"https:\/\/elsur-racing.de\/es\/author\/jochens\/"}]}},"_links":{"self":[{"href":"https:\/\/elsur-racing.de\/es\/wp-json\/wp\/v2\/posts\/4208","targetHints":{"allow":["GET"]}}],"collection":[{"href":"https:\/\/elsur-racing.de\/es\/wp-json\/wp\/v2\/posts"}],"about":[{"href":"https:\/\/elsur-racing.de\/es\/wp-json\/wp\/v2\/types\/post"}],"author":[{"embeddable":true,"href":"https:\/\/elsur-racing.de\/es\/wp-json\/wp\/v2\/users\/1"}],"replies":[{"embeddable":true,"href":"https:\/\/elsur-racing.de\/es\/wp-json\/wp\/v2\/comments?post=4208"}],"version-history":[{"count":3,"href":"https:\/\/elsur-racing.de\/es\/wp-json\/wp\/v2\/posts\/4208\/revisions"}],"predecessor-version":[{"id":4241,"href":"https:\/\/elsur-racing.de\/es\/wp-json\/wp\/v2\/posts\/4208\/revisions\/4241"}],"wp:featuredmedia":[{"embeddable":true,"href":"https:\/\/elsur-racing.de\/es\/wp-json\/wp\/v2\/media\/4196"}],"wp:attachment":[{"href":"https:\/\/elsur-racing.de\/es\/wp-json\/wp\/v2\/media?parent=4208"}],"wp:term":[{"taxonomy":"category","embeddable":true,"href":"https:\/\/elsur-racing.de\/es\/wp-json\/wp\/v2\/categories?post=4208"},{"taxonomy":"post_tag","embeddable":true,"href":"https:\/\/elsur-racing.de\/es\/wp-json\/wp\/v2\/tags?post=4208"}],"curies":[{"name":"wp","href":"https:\/\/api.w.org\/{rel}","templated":true}]}}