{"id":7362,"date":"2023-08-03T18:30:08","date_gmt":"2023-08-03T16:30:08","guid":{"rendered":"https:\/\/elsur-racing.de\/2023\/08\/dia-de-las-yeguadas-con-el-sachsenburg\/"},"modified":"2023-08-03T18:30:09","modified_gmt":"2023-08-03T16:30:09","slug":"dia-de-las-yeguadas-con-el-sachsenburg","status":"publish","type":"post","link":"https:\/\/elsur-racing.de\/es\/2023\/08\/dia-de-las-yeguadas-con-el-sachsenburg\/","title":{"rendered":"D\u00eda de las yeguadas con el Sachsenburg"},"content":{"rendered":"<p>[et_pb_section fb_built=\u00bb1&#8243; _builder_version=\u00bb4.21.0&#8243; _module_preset=\u00bbdefault\u00bb global_colors_info=\u00bb{}\u00bb][et_pb_row _builder_version=\u00bb4.21.0&#8243; _module_preset=\u00bbdefault\u00bb hover_enabled=\u00bb0&#8243; global_colors_info=\u00bb{}\u00bb custom_margin=\u00bb-50px||||false|false\u00bb sticky_enabled=\u00bb0&#8243;][et_pb_column type=\u00bb4_4&#8243; _builder_version=\u00bb4.21.0&#8243; _module_preset=\u00bbdefault\u00bb global_colors_info=\u00bb{}\u00bb][et_pb_text _builder_version=\u00bb4.21.0&#8243; _module_preset=\u00bbdefault\u00bb global_colors_info=\u00bb{}\u00bb]<\/p>\n<p style=\"text-align: center;\"><strong><span style=\"font-family: tahoma, arial, helvetica, sans-serif; font-size: 12pt;\">Jochen Stargardt ofrece una visi\u00f3n completamente nueva de la vida cotidiana de la yeguada a todos los fan\u00e1ticos de pura sangre interesados y residentes del pueblo.<\/span><\/strong><\/p>\n<p style=\"text-align: center;\"><span style=\"font-family: tahoma, arial, helvetica, sans-serif; font-size: 12pt;\">La reci\u00e9n fundada <strong>yeguada de Sachsenburg<\/strong> (nota: actualmente a\u00fan no reconocida como semental de pura sangre) est\u00e1 a punto de completarse a mediados de septiembre. En el transcurso de esto, el nuevo edificio se presentar\u00e1 en el sitio y, al mismo tiempo, se explicar\u00e1 lo que debe tenerse en cuenta al planificar dicho proyecto. Aunque a\u00fan no habr\u00e1 caballos para ver, el procedimiento y los detalles de <strong>la configuraci\u00f3n de un semental de pura sangre ofrecen mucha<\/strong> informaci\u00f3n sobre la <strong>cr\u00eda de pura sangre<\/strong>.<\/span><\/p>\n<p><img loading=\"lazy\" decoding=\"async\" class=\"aligncenter wp-image-7350 size-full\" title=\"D\u00eda de la Gestuete-Sachsenburg\" src=\"https:\/\/elsur-racing.de\/wp-content\/uploads\/2023\/08\/Tag-der-Gestuete-Sachsenburg.jpg\" alt=\"D\u00eda de la Gestuete-Sachsenburg\" width=\"795\" height=\"454\" srcset=\"https:\/\/elsur-racing.de\/wp-content\/uploads\/2023\/08\/Tag-der-Gestuete-Sachsenburg.jpg 795w, https:\/\/elsur-racing.de\/wp-content\/uploads\/2023\/08\/Tag-der-Gestuete-Sachsenburg-480x274.jpg 480w\" sizes=\"auto, (min-width: 0px) and (max-width: 480px) 480px, (min-width: 481px) 795px, 100vw\" \/><\/p>\n<p style=\"text-align: center;\"><span style=\"font-family: tahoma, arial, helvetica, sans-serif; font-size: 12pt;\"><strong>Veces:<\/strong> <br \/>Cada hora de 9:00 a.m. a 11:00 a.m. y de 1:00 p.m. a 3:00 p.m. <br \/><\/span><span style=\"font-family: tahoma, arial, helvetica, sans-serif; font-size: 12pt;\"><strong>Direcci\u00f3n:<\/strong> <br \/><\/span><span style=\"font-family: tahoma, arial, helvetica, sans-serif; font-size: 12pt;\">Sachsenburg 4<\/span><br \/><span style=\"font-family: tahoma, arial, helvetica, sans-serif; font-size: 12pt;\"><strong>07806 Neustadt a. d. Orla<\/strong> <br \/><\/span><span style=\"font-family: tahoma, arial, helvetica, sans-serif; font-size: 12pt;\"><strong>Indicaciones:<\/strong> <br \/><\/span><span style=\"font-family: tahoma, arial, helvetica, sans-serif; font-size: 12pt;\">Viniendo de la B281, tome la salida en direcci\u00f3n a Jen\/Schleiz\/Neustadt(Orla)\/Zentrum y conduzca por Schleizer Str., atraviese el pueblo y siga la L1077 hasta Sachsenburg. La granja de sementales se encuentra a la derecha.<br \/><\/span><span style=\"font-family: tahoma, arial, helvetica, sans-serif; font-size: 12pt;\"><strong>Registro:<\/strong> <br \/><a href=\"https:\/\/eveeno.com\/156784172\" target=\"_blank\" rel=\"noopener\">https:\/\/eveeno.com\/156784172<\/a><\/span><\/p>\n<p>[\/et_pb_text][et_pb_button button_url=\u00bbhttps:\/\/elsur-racing.de\/#blog\u00bb button_text=\u00bbZur\u00fcck zum Blog!\u00bb button_alignment=\u00bbleft\u00bb _builder_version=\u00bb4.16&#8243; custom_button=\u00bbon\u00bb button_text_size=\u00bb16px\u00bb button_text_color=\u00bb#1269b0&#8243; button_icon=\u00bb#||divi||400&#8243; button_icon_color=\u00bb#1269b0&#8243; z_index_tablet=\u00bb500&#8243; button_text_shadow_horizontal_length_tablet=\u00bb0px\u00bb button_text_shadow_vertical_length_tablet=\u00bb0px\u00bb button_text_shadow_blur_strength_tablet=\u00bb1px\u00bb box_shadow_horizontal_tablet=\u00bb0px\u00bb box_shadow_vertical_tablet=\u00bb0px\u00bb box_shadow_blur_tablet=\u00bb40px\u00bb box_shadow_spread_tablet=\u00bb0px\u00bb saved_tabs=\u00bball\u00bb global_colors_info=\u00bb{}\u00bb][\/et_pb_button][\/et_pb_column][\/et_pb_row][\/et_pb_section]<\/p>\n","protected":false},"excerpt":{"rendered":"<p>Jochen Stargardt ofrece una visi\u00f3n completamente nueva de la vida cotidiana de la yeguada a todos los fan\u00e1ticos de pura sangre interesados y residentes del pueblo.<\/p>\n","protected":false},"author":1,"featured_media":7349,"comment_status":"open","ping_status":"open","sticky":false,"template":"","format":"standard","meta":{"_et_pb_use_builder":"","_et_pb_old_content":"","_et_gb_content_width":"","footnotes":""},"categories":[34,33,35,36],"tags":[223,105,251,355,83,502,109,294],"class_list":["post-7362","post","type-post","status-publish","format-standard","has-post-thumbnail","hentry","category-carreras","category-polo-es","category-semental","category-transporte","tag-deutscher-galopp-es","tag-el-sur-racing-es","tag-el-sur-stud-es","tag-gestuet-sachsenburg-es","tag-jochen-stargardt-es","tag-neustadt-orla-es","tag-vollblueter-es","tag-vollblutzucht-es"],"yoast_head":"<!-- This site is optimized with the Yoast SEO plugin v27.5 - https:\/\/yoast.com\/product\/yoast-seo-wordpress\/ -->\n<title>D\u00eda de las yeguadas con el Sachsenburg - ElSur - RACING<\/title>\n<meta name=\"robots\" content=\"index, follow, max-snippet:-1, max-image-preview:large, max-video-preview:-1\" \/>\n<link rel=\"canonical\" href=\"https:\/\/elsur-racing.de\/es\/2023\/08\/dia-de-las-yeguadas-con-el-sachsenburg\/\" \/>\n<meta property=\"og:locale\" content=\"es_ES\" \/>\n<meta property=\"og:type\" content=\"article\" \/>\n<meta property=\"og:title\" content=\"D\u00eda de las yeguadas con el Sachsenburg - ElSur - RACING\" \/>\n<meta property=\"og:description\" content=\"Jochen Stargardt ofrece una visi\u00f3n completamente nueva de la vida cotidiana de la yeguada a todos los fan\u00e1ticos de pura sangre interesados y residentes del pueblo.\" \/>\n<meta property=\"og:url\" content=\"https:\/\/elsur-racing.de\/es\/2023\/08\/dia-de-las-yeguadas-con-el-sachsenburg\/\" \/>\n<meta property=\"og:site_name\" content=\"ElSur - RACING\" \/>\n<meta property=\"article:publisher\" content=\"https:\/\/www.facebook.com\/elsurracing\" \/>\n<meta property=\"article:published_time\" content=\"2023-08-03T16:30:08+00:00\" \/>\n<meta property=\"article:modified_time\" content=\"2023-08-03T16:30:09+00:00\" \/>\n<meta property=\"og:image\" content=\"https:\/\/elsur-racing.de\/wp-content\/uploads\/2023\/08\/Tag-der-Gestuete.jpg\" \/>\n\t<meta property=\"og:image:width\" content=\"795\" \/>\n\t<meta property=\"og:image:height\" content=\"524\" \/>\n\t<meta property=\"og:image:type\" content=\"image\/jpeg\" \/>\n<meta name=\"author\" content=\"jochenS\" \/>\n<meta name=\"twitter:card\" content=\"summary_large_image\" \/>\n<meta name=\"twitter:label1\" content=\"Escrito por\" \/>\n\t<meta name=\"twitter:data1\" content=\"jochenS\" \/>\n\t<meta name=\"twitter:label2\" content=\"Tiempo de lectura\" \/>\n\t<meta name=\"twitter:data2\" content=\"2 minutos\" \/>\n<script type=\"application\/ld+json\" class=\"yoast-schema-graph\">{\"@context\":\"https:\\\/\\\/schema.org\",\"@graph\":[{\"@type\":\"Article\",\"@id\":\"https:\\\/\\\/elsur-racing.de\\\/es\\\/2023\\\/08\\\/dia-de-las-yeguadas-con-el-sachsenburg\\\/#article\",\"isPartOf\":{\"@id\":\"https:\\\/\\\/elsur-racing.de\\\/es\\\/2023\\\/08\\\/dia-de-las-yeguadas-con-el-sachsenburg\\\/\"},\"author\":{\"name\":\"jochenS\",\"@id\":\"https:\\\/\\\/elsur-racing.de\\\/es\\\/#\\\/schema\\\/person\\\/194a5e823490b8d996315c19ce22e0b2\"},\"headline\":\"D\u00eda de las yeguadas con el Sachsenburg\",\"datePublished\":\"2023-08-03T16:30:08+00:00\",\"dateModified\":\"2023-08-03T16:30:09+00:00\",\"mainEntityOfPage\":{\"@id\":\"https:\\\/\\\/elsur-racing.de\\\/es\\\/2023\\\/08\\\/dia-de-las-yeguadas-con-el-sachsenburg\\\/\"},\"wordCount\":353,\"commentCount\":0,\"publisher\":{\"@id\":\"https:\\\/\\\/elsur-racing.de\\\/es\\\/#organization\"},\"image\":{\"@id\":\"https:\\\/\\\/elsur-racing.de\\\/es\\\/2023\\\/08\\\/dia-de-las-yeguadas-con-el-sachsenburg\\\/#primaryimage\"},\"thumbnailUrl\":\"https:\\\/\\\/elsur-racing.de\\\/wp-content\\\/uploads\\\/2023\\\/08\\\/Tag-der-Gestuete.jpg\",\"keywords\":[\"Deutscher Galopp\",\"El Sur Racing\",\"El Sur Stud\",\"Gest\u00fct Sachsenburg\",\"Jochen Stargardt\",\"Neustadt\\\/Orla\",\"Vollbl\u00fcter\",\"Vollblutzucht\"],\"articleSection\":[\"Carreras\",\"Polo\",\"Semental\",\"Transporte\"],\"inLanguage\":\"es\",\"potentialAction\":[{\"@type\":\"CommentAction\",\"name\":\"Comment\",\"target\":[\"https:\\\/\\\/elsur-racing.de\\\/es\\\/2023\\\/08\\\/dia-de-las-yeguadas-con-el-sachsenburg\\\/#respond\"]}]},{\"@type\":\"WebPage\",\"@id\":\"https:\\\/\\\/elsur-racing.de\\\/es\\\/2023\\\/08\\\/dia-de-las-yeguadas-con-el-sachsenburg\\\/\",\"url\":\"https:\\\/\\\/elsur-racing.de\\\/es\\\/2023\\\/08\\\/dia-de-las-yeguadas-con-el-sachsenburg\\\/\",\"name\":\"D\u00eda de las yeguadas con el Sachsenburg - ElSur - RACING\",\"isPartOf\":{\"@id\":\"https:\\\/\\\/elsur-racing.de\\\/es\\\/#website\"},\"primaryImageOfPage\":{\"@id\":\"https:\\\/\\\/elsur-racing.de\\\/es\\\/2023\\\/08\\\/dia-de-las-yeguadas-con-el-sachsenburg\\\/#primaryimage\"},\"image\":{\"@id\":\"https:\\\/\\\/elsur-racing.de\\\/es\\\/2023\\\/08\\\/dia-de-las-yeguadas-con-el-sachsenburg\\\/#primaryimage\"},\"thumbnailUrl\":\"https:\\\/\\\/elsur-racing.de\\\/wp-content\\\/uploads\\\/2023\\\/08\\\/Tag-der-Gestuete.jpg\",\"datePublished\":\"2023-08-03T16:30:08+00:00\",\"dateModified\":\"2023-08-03T16:30:09+00:00\",\"breadcrumb\":{\"@id\":\"https:\\\/\\\/elsur-racing.de\\\/es\\\/2023\\\/08\\\/dia-de-las-yeguadas-con-el-sachsenburg\\\/#breadcrumb\"},\"inLanguage\":\"es\",\"potentialAction\":[{\"@type\":\"ReadAction\",\"target\":[\"https:\\\/\\\/elsur-racing.de\\\/es\\\/2023\\\/08\\\/dia-de-las-yeguadas-con-el-sachsenburg\\\/\"]}]},{\"@type\":\"ImageObject\",\"inLanguage\":\"es\",\"@id\":\"https:\\\/\\\/elsur-racing.de\\\/es\\\/2023\\\/08\\\/dia-de-las-yeguadas-con-el-sachsenburg\\\/#primaryimage\",\"url\":\"https:\\\/\\\/elsur-racing.de\\\/wp-content\\\/uploads\\\/2023\\\/08\\\/Tag-der-Gestuete.jpg\",\"contentUrl\":\"https:\\\/\\\/elsur-racing.de\\\/wp-content\\\/uploads\\\/2023\\\/08\\\/Tag-der-Gestuete.jpg\",\"width\":795,\"height\":524,\"caption\":\"Sachsenburg El Sur\"},{\"@type\":\"BreadcrumbList\",\"@id\":\"https:\\\/\\\/elsur-racing.de\\\/es\\\/2023\\\/08\\\/dia-de-las-yeguadas-con-el-sachsenburg\\\/#breadcrumb\",\"itemListElement\":[{\"@type\":\"ListItem\",\"position\":1,\"name\":\"P\u00e1gina principal\",\"item\":\"https:\\\/\\\/elsur-racing.de\\\/es\\\/\"},{\"@type\":\"ListItem\",\"position\":2,\"name\":\"D\u00eda de las yeguadas con el Sachsenburg\"}]},{\"@type\":\"WebSite\",\"@id\":\"https:\\\/\\\/elsur-racing.de\\\/es\\\/#website\",\"url\":\"https:\\\/\\\/elsur-racing.de\\\/es\\\/\",\"name\":\"ElSur - RACING\",\"description\":\"elsur -team, -racing, -stud, -horsetransport\",\"publisher\":{\"@id\":\"https:\\\/\\\/elsur-racing.de\\\/es\\\/#organization\"},\"potentialAction\":[{\"@type\":\"SearchAction\",\"target\":{\"@type\":\"EntryPoint\",\"urlTemplate\":\"https:\\\/\\\/elsur-racing.de\\\/es\\\/?s={search_term_string}\"},\"query-input\":{\"@type\":\"PropertyValueSpecification\",\"valueRequired\":true,\"valueName\":\"search_term_string\"}}],\"inLanguage\":\"es\"},{\"@type\":\"Organization\",\"@id\":\"https:\\\/\\\/elsur-racing.de\\\/es\\\/#organization\",\"name\":\"ElSur - CARRERAS\",\"url\":\"https:\\\/\\\/elsur-racing.de\\\/es\\\/\",\"logo\":{\"@type\":\"ImageObject\",\"inLanguage\":\"es\",\"@id\":\"https:\\\/\\\/elsur-racing.de\\\/es\\\/#\\\/schema\\\/logo\\\/image\\\/\",\"url\":\"https:\\\/\\\/elsur-racing.de\\\/wp-content\\\/uploads\\\/2019\\\/12\\\/LogoESPoloRacingStudbw.jpg\",\"contentUrl\":\"https:\\\/\\\/elsur-racing.de\\\/wp-content\\\/uploads\\\/2019\\\/12\\\/LogoESPoloRacingStudbw.jpg\",\"width\":2000,\"height\":2000,\"caption\":\"ElSur - CARRERAS\"},\"image\":{\"@id\":\"https:\\\/\\\/elsur-racing.de\\\/es\\\/#\\\/schema\\\/logo\\\/image\\\/\"},\"sameAs\":[\"https:\\\/\\\/www.facebook.com\\\/elsurracing\"]},{\"@type\":\"Person\",\"@id\":\"https:\\\/\\\/elsur-racing.de\\\/es\\\/#\\\/schema\\\/person\\\/194a5e823490b8d996315c19ce22e0b2\",\"name\":\"jochenS\",\"image\":{\"@type\":\"ImageObject\",\"inLanguage\":\"es\",\"@id\":\"https:\\\/\\\/secure.gravatar.com\\\/avatar\\\/be1d72a69a8fd0530768b25935c438282455ec00aa59747d82353fed55109023?s=96&d=mm&r=g\",\"url\":\"https:\\\/\\\/secure.gravatar.com\\\/avatar\\\/be1d72a69a8fd0530768b25935c438282455ec00aa59747d82353fed55109023?s=96&d=mm&r=g\",\"contentUrl\":\"https:\\\/\\\/secure.gravatar.com\\\/avatar\\\/be1d72a69a8fd0530768b25935c438282455ec00aa59747d82353fed55109023?s=96&d=mm&r=g\",\"caption\":\"jochenS\"},\"sameAs\":[\"http:\\\/\\\/www.elsur-racing.de\"],\"url\":\"https:\\\/\\\/elsur-racing.de\\\/es\\\/author\\\/jochens\\\/\"}]}<\/script>\n<!-- \/ Yoast SEO plugin. -->","yoast_head_json":{"title":"D\u00eda de las yeguadas con el Sachsenburg - ElSur - RACING","robots":{"index":"index","follow":"follow","max-snippet":"max-snippet:-1","max-image-preview":"max-image-preview:large","max-video-preview":"max-video-preview:-1"},"canonical":"https:\/\/elsur-racing.de\/es\/2023\/08\/dia-de-las-yeguadas-con-el-sachsenburg\/","og_locale":"es_ES","og_type":"article","og_title":"D\u00eda de las yeguadas con el Sachsenburg - ElSur - RACING","og_description":"Jochen Stargardt ofrece una visi\u00f3n completamente nueva de la vida cotidiana de la yeguada a todos los fan\u00e1ticos de pura sangre interesados y residentes del pueblo.","og_url":"https:\/\/elsur-racing.de\/es\/2023\/08\/dia-de-las-yeguadas-con-el-sachsenburg\/","og_site_name":"ElSur - RACING","article_publisher":"https:\/\/www.facebook.com\/elsurracing","article_published_time":"2023-08-03T16:30:08+00:00","article_modified_time":"2023-08-03T16:30:09+00:00","og_image":[{"width":795,"height":524,"url":"https:\/\/elsur-racing.de\/wp-content\/uploads\/2023\/08\/Tag-der-Gestuete.jpg","type":"image\/jpeg"}],"author":"jochenS","twitter_card":"summary_large_image","twitter_misc":{"Escrito por":"jochenS","Tiempo de lectura":"2 minutos"},"schema":{"@context":"https:\/\/schema.org","@graph":[{"@type":"Article","@id":"https:\/\/elsur-racing.de\/es\/2023\/08\/dia-de-las-yeguadas-con-el-sachsenburg\/#article","isPartOf":{"@id":"https:\/\/elsur-racing.de\/es\/2023\/08\/dia-de-las-yeguadas-con-el-sachsenburg\/"},"author":{"name":"jochenS","@id":"https:\/\/elsur-racing.de\/es\/#\/schema\/person\/194a5e823490b8d996315c19ce22e0b2"},"headline":"D\u00eda de las yeguadas con el Sachsenburg","datePublished":"2023-08-03T16:30:08+00:00","dateModified":"2023-08-03T16:30:09+00:00","mainEntityOfPage":{"@id":"https:\/\/elsur-racing.de\/es\/2023\/08\/dia-de-las-yeguadas-con-el-sachsenburg\/"},"wordCount":353,"commentCount":0,"publisher":{"@id":"https:\/\/elsur-racing.de\/es\/#organization"},"image":{"@id":"https:\/\/elsur-racing.de\/es\/2023\/08\/dia-de-las-yeguadas-con-el-sachsenburg\/#primaryimage"},"thumbnailUrl":"https:\/\/elsur-racing.de\/wp-content\/uploads\/2023\/08\/Tag-der-Gestuete.jpg","keywords":["Deutscher Galopp","El Sur Racing","El Sur Stud","Gest\u00fct Sachsenburg","Jochen Stargardt","Neustadt\/Orla","Vollbl\u00fcter","Vollblutzucht"],"articleSection":["Carreras","Polo","Semental","Transporte"],"inLanguage":"es","potentialAction":[{"@type":"CommentAction","name":"Comment","target":["https:\/\/elsur-racing.de\/es\/2023\/08\/dia-de-las-yeguadas-con-el-sachsenburg\/#respond"]}]},{"@type":"WebPage","@id":"https:\/\/elsur-racing.de\/es\/2023\/08\/dia-de-las-yeguadas-con-el-sachsenburg\/","url":"https:\/\/elsur-racing.de\/es\/2023\/08\/dia-de-las-yeguadas-con-el-sachsenburg\/","name":"D\u00eda de las yeguadas con el Sachsenburg - ElSur - RACING","isPartOf":{"@id":"https:\/\/elsur-racing.de\/es\/#website"},"primaryImageOfPage":{"@id":"https:\/\/elsur-racing.de\/es\/2023\/08\/dia-de-las-yeguadas-con-el-sachsenburg\/#primaryimage"},"image":{"@id":"https:\/\/elsur-racing.de\/es\/2023\/08\/dia-de-las-yeguadas-con-el-sachsenburg\/#primaryimage"},"thumbnailUrl":"https:\/\/elsur-racing.de\/wp-content\/uploads\/2023\/08\/Tag-der-Gestuete.jpg","datePublished":"2023-08-03T16:30:08+00:00","dateModified":"2023-08-03T16:30:09+00:00","breadcrumb":{"@id":"https:\/\/elsur-racing.de\/es\/2023\/08\/dia-de-las-yeguadas-con-el-sachsenburg\/#breadcrumb"},"inLanguage":"es","potentialAction":[{"@type":"ReadAction","target":["https:\/\/elsur-racing.de\/es\/2023\/08\/dia-de-las-yeguadas-con-el-sachsenburg\/"]}]},{"@type":"ImageObject","inLanguage":"es","@id":"https:\/\/elsur-racing.de\/es\/2023\/08\/dia-de-las-yeguadas-con-el-sachsenburg\/#primaryimage","url":"https:\/\/elsur-racing.de\/wp-content\/uploads\/2023\/08\/Tag-der-Gestuete.jpg","contentUrl":"https:\/\/elsur-racing.de\/wp-content\/uploads\/2023\/08\/Tag-der-Gestuete.jpg","width":795,"height":524,"caption":"Sachsenburg El Sur"},{"@type":"BreadcrumbList","@id":"https:\/\/elsur-racing.de\/es\/2023\/08\/dia-de-las-yeguadas-con-el-sachsenburg\/#breadcrumb","itemListElement":[{"@type":"ListItem","position":1,"name":"P\u00e1gina principal","item":"https:\/\/elsur-racing.de\/es\/"},{"@type":"ListItem","position":2,"name":"D\u00eda de las yeguadas con el Sachsenburg"}]},{"@type":"WebSite","@id":"https:\/\/elsur-racing.de\/es\/#website","url":"https:\/\/elsur-racing.de\/es\/","name":"ElSur - RACING","description":"elsur -team, -racing, -stud, -horsetransport","publisher":{"@id":"https:\/\/elsur-racing.de\/es\/#organization"},"potentialAction":[{"@type":"SearchAction","target":{"@type":"EntryPoint","urlTemplate":"https:\/\/elsur-racing.de\/es\/?s={search_term_string}"},"query-input":{"@type":"PropertyValueSpecification","valueRequired":true,"valueName":"search_term_string"}}],"inLanguage":"es"},{"@type":"Organization","@id":"https:\/\/elsur-racing.de\/es\/#organization","name":"ElSur - CARRERAS","url":"https:\/\/elsur-racing.de\/es\/","logo":{"@type":"ImageObject","inLanguage":"es","@id":"https:\/\/elsur-racing.de\/es\/#\/schema\/logo\/image\/","url":"https:\/\/elsur-racing.de\/wp-content\/uploads\/2019\/12\/LogoESPoloRacingStudbw.jpg","contentUrl":"https:\/\/elsur-racing.de\/wp-content\/uploads\/2019\/12\/LogoESPoloRacingStudbw.jpg","width":2000,"height":2000,"caption":"ElSur - CARRERAS"},"image":{"@id":"https:\/\/elsur-racing.de\/es\/#\/schema\/logo\/image\/"},"sameAs":["https:\/\/www.facebook.com\/elsurracing"]},{"@type":"Person","@id":"https:\/\/elsur-racing.de\/es\/#\/schema\/person\/194a5e823490b8d996315c19ce22e0b2","name":"jochenS","image":{"@type":"ImageObject","inLanguage":"es","@id":"https:\/\/secure.gravatar.com\/avatar\/be1d72a69a8fd0530768b25935c438282455ec00aa59747d82353fed55109023?s=96&d=mm&r=g","url":"https:\/\/secure.gravatar.com\/avatar\/be1d72a69a8fd0530768b25935c438282455ec00aa59747d82353fed55109023?s=96&d=mm&r=g","contentUrl":"https:\/\/secure.gravatar.com\/avatar\/be1d72a69a8fd0530768b25935c438282455ec00aa59747d82353fed55109023?s=96&d=mm&r=g","caption":"jochenS"},"sameAs":["http:\/\/www.elsur-racing.de"],"url":"https:\/\/elsur-racing.de\/es\/author\/jochens\/"}]}},"_links":{"self":[{"href":"https:\/\/elsur-racing.de\/es\/wp-json\/wp\/v2\/posts\/7362","targetHints":{"allow":["GET"]}}],"collection":[{"href":"https:\/\/elsur-racing.de\/es\/wp-json\/wp\/v2\/posts"}],"about":[{"href":"https:\/\/elsur-racing.de\/es\/wp-json\/wp\/v2\/types\/post"}],"author":[{"embeddable":true,"href":"https:\/\/elsur-racing.de\/es\/wp-json\/wp\/v2\/users\/1"}],"replies":[{"embeddable":true,"href":"https:\/\/elsur-racing.de\/es\/wp-json\/wp\/v2\/comments?post=7362"}],"version-history":[{"count":1,"href":"https:\/\/elsur-racing.de\/es\/wp-json\/wp\/v2\/posts\/7362\/revisions"}],"predecessor-version":[{"id":7363,"href":"https:\/\/elsur-racing.de\/es\/wp-json\/wp\/v2\/posts\/7362\/revisions\/7363"}],"wp:featuredmedia":[{"embeddable":true,"href":"https:\/\/elsur-racing.de\/es\/wp-json\/wp\/v2\/media\/7349"}],"wp:attachment":[{"href":"https:\/\/elsur-racing.de\/es\/wp-json\/wp\/v2\/media?parent=7362"}],"wp:term":[{"taxonomy":"category","embeddable":true,"href":"https:\/\/elsur-racing.de\/es\/wp-json\/wp\/v2\/categories?post=7362"},{"taxonomy":"post_tag","embeddable":true,"href":"https:\/\/elsur-racing.de\/es\/wp-json\/wp\/v2\/tags?post=7362"}],"curies":[{"name":"wp","href":"https:\/\/api.w.org\/{rel}","templated":true}]}}