{"id":7645,"date":"2023-10-03T23:45:48","date_gmt":"2023-10-03T21:45:48","guid":{"rendered":"https:\/\/elsur-racing.de\/2023\/10\/nueva-incorporacion-al-establo-de-polo\/"},"modified":"2023-10-03T23:45:48","modified_gmt":"2023-10-03T21:45:48","slug":"nueva-incorporacion-al-establo-de-polo","status":"publish","type":"post","link":"https:\/\/elsur-racing.de\/es\/2023\/10\/nueva-incorporacion-al-establo-de-polo\/","title":{"rendered":"Nueva incorporaci\u00f3n al establo de polo"},"content":{"rendered":"<p>[et_pb_section fb_built=\u00bb1&#8243; _builder_version=\u00bb4.21.0&#8243; _module_preset=\u00bbdefault\u00bb global_colors_info=\u00bb{}\u00bb][et_pb_row _builder_version=\u00bb4.21.0&#8243; _module_preset=\u00bbdefault\u00bb hover_enabled=\u00bb0&#8243; global_colors_info=\u00bb{}\u00bb custom_margin=\u00bb-50px||||false|false\u00bb sticky_enabled=\u00bb0&#8243;][et_pb_column type=\u00bb4_4&#8243; _builder_version=\u00bb4.21.0&#8243; _module_preset=\u00bbdefault\u00bb global_colors_info=\u00bb{}\u00bb][et_pb_text _builder_version=\u00bb4.21.0&#8243; _module_preset=\u00bbdefault\u00bb hover_enabled=\u00bb0&#8243; global_colors_info=\u00bb{}\u00bb sticky_enabled=\u00bb0&#8243;]<\/p>\n<p style=\"text-align: center;\"><span style=\"font-family: tahoma, arial, helvetica, sans-serif; font-size: 12pt;\"><strong>Nuestro primer polo de cosecha propia, Guapita ES (Gete Rubi x Guapa) lleg\u00f3 a salvo al establo de polo el d\u00eda de la unidad alemana.<\/strong><br \/>Despu\u00e9s de la crianza y el entrenamiento b\u00e1sico en el <strong>stud de polo Schokem\u00f6hle<\/strong> , ahora se est\u00e1 integrando en nuestro set de juego.<br \/>Muchas gracias a todo el equipo de <strong>Vanessa Schokem\u00f6hle<\/strong> y <strong>Patrick Maleitzke<\/strong> por la cr\u00eda apropiada para la especie y la buena capacitaci\u00f3n.<br \/>Vemos nuestra Guapita ES en acci\u00f3n aqu\u00ed y en los dos videos cortos:<br \/><\/span><\/p>\n<p><img loading=\"lazy\" decoding=\"async\" class=\"aligncenter wp-image-7620 size-full\" title=\"El-Sur-Polopony---Guapita-ES\" src=\"https:\/\/elsur-racing.de\/wp-content\/uploads\/2023\/10\/El-Sur-Polopony-Guapita-ES.jpg\" alt=\"El-Sur-Polopony---Guapita-ES\" width=\"795\" height=\"360\" srcset=\"https:\/\/elsur-racing.de\/wp-content\/uploads\/2023\/10\/El-Sur-Polopony-Guapita-ES.jpg 795w, https:\/\/elsur-racing.de\/wp-content\/uploads\/2023\/10\/El-Sur-Polopony-Guapita-ES-480x217.jpg 480w\" sizes=\"auto, (min-width: 0px) and (max-width: 480px) 480px, (min-width: 481px) 795px, 100vw\" \/><\/p>\n<div style=\"width: 480px;\" class=\"wp-video\"><video class=\"wp-video-shortcode\" id=\"video-7645-1\" width=\"480\" height=\"848\" preload=\"metadata\" controls=\"controls\"><source type=\"video\/mp4\" src=\"https:\/\/elsur-racing.de\/wp-content\/uploads\/2023\/10\/Guapita-ES-2.mp4?_=1\" \/><a href=\"https:\/\/elsur-racing.de\/wp-content\/uploads\/2023\/10\/Guapita-ES-2.mp4\">https:\/\/elsur-racing.de\/wp-content\/uploads\/2023\/10\/Guapita-ES-2.mp4<\/a><\/video><\/div>\n<div style=\"width: 480px;\" class=\"wp-video\"><video class=\"wp-video-shortcode\" id=\"video-7645-2\" width=\"480\" height=\"864\" preload=\"metadata\" controls=\"controls\"><source type=\"video\/mp4\" src=\"https:\/\/elsur-racing.de\/wp-content\/uploads\/2023\/10\/Guapita-ES-1.mp4?_=2\" \/><a href=\"https:\/\/elsur-racing.de\/wp-content\/uploads\/2023\/10\/Guapita-ES-1.mp4\">https:\/\/elsur-racing.de\/wp-content\/uploads\/2023\/10\/Guapita-ES-1.mp4<\/a><\/video><\/div>\n<p>[\/et_pb_text][et_pb_button button_url=\u00bbhttps:\/\/elsur-racing.de\/#blog\u00bb button_text=\u00bbZur\u00fcck zum Blog!\u00bb button_alignment=\u00bbleft\u00bb _builder_version=\u00bb4.16&#8243; custom_button=\u00bbon\u00bb button_text_size=\u00bb16px\u00bb button_text_color=\u00bb#1269b0&#8243; button_icon=\u00bb#||divi||400&#8243; button_icon_color=\u00bb#1269b0&#8243; z_index_tablet=\u00bb500&#8243; button_text_shadow_horizontal_length_tablet=\u00bb0px\u00bb button_text_shadow_vertical_length_tablet=\u00bb0px\u00bb button_text_shadow_blur_strength_tablet=\u00bb1px\u00bb box_shadow_horizontal_tablet=\u00bb0px\u00bb box_shadow_vertical_tablet=\u00bb0px\u00bb box_shadow_blur_tablet=\u00bb40px\u00bb box_shadow_spread_tablet=\u00bb0px\u00bb saved_tabs=\u00bball\u00bb global_colors_info=\u00bb{}\u00bb][\/et_pb_button][\/et_pb_column][\/et_pb_row][\/et_pb_section]<\/p>\n","protected":false},"excerpt":{"rendered":"<p>&#8211; nuestro primer polo de cosecha propia &#8211; Guapita ES (Gete Rubi x Guapa) lleg\u00f3 a salvo al establo de polo el d\u00eda de la unidad alemana.<\/p>\n","protected":false},"author":1,"featured_media":7627,"comment_status":"open","ping_status":"open","sticky":false,"template":"","format":"standard","meta":{"_et_pb_use_builder":"","_et_pb_old_content":"","_et_gb_content_width":"","footnotes":""},"categories":[33,35],"tags":[386,80,85,86,309,310,311,312,313],"class_list":["post-7645","post","type-post","status-publish","format-standard","has-post-thumbnail","hentry","category-polo-es","category-semental","tag-caballo-de-polo","tag-el-sur-polo-es","tag-pferdesport-es","tag-polo-es","tag-polo-pferde-zucht-es","tag-polo-ponies-es","tag-polobreeding-es","tag-pologestuet-schockmoehle-es","tag-polopferde-es"],"yoast_head":"<!-- This site is optimized with the Yoast SEO plugin v27.4 - https:\/\/yoast.com\/product\/yoast-seo-wordpress\/ -->\n<title>Nueva incorporaci\u00f3n al establo de polo - ElSur - RACING<\/title>\n<meta name=\"robots\" content=\"index, follow, max-snippet:-1, max-image-preview:large, max-video-preview:-1\" \/>\n<link rel=\"canonical\" href=\"https:\/\/elsur-racing.de\/es\/2023\/10\/nueva-incorporacion-al-establo-de-polo\/\" \/>\n<meta property=\"og:locale\" content=\"es_ES\" \/>\n<meta property=\"og:type\" content=\"article\" \/>\n<meta property=\"og:title\" content=\"Nueva incorporaci\u00f3n al establo de polo - ElSur - RACING\" \/>\n<meta property=\"og:description\" content=\"- nuestro primer polo de cosecha propia - Guapita ES (Gete Rubi x Guapa) lleg\u00f3 a salvo al establo de polo el d\u00eda de la unidad alemana.\" \/>\n<meta property=\"og:url\" content=\"https:\/\/elsur-racing.de\/es\/2023\/10\/nueva-incorporacion-al-establo-de-polo\/\" \/>\n<meta property=\"og:site_name\" content=\"ElSur - RACING\" \/>\n<meta property=\"article:publisher\" content=\"https:\/\/www.facebook.com\/elsurracing\" \/>\n<meta property=\"article:published_time\" content=\"2023-10-03T21:45:48+00:00\" \/>\n<meta property=\"og:image\" content=\"https:\/\/elsur-racing.de\/wp-content\/uploads\/2023\/10\/Polopony-Guapita-ES.jpg\" \/>\n\t<meta property=\"og:image:width\" content=\"795\" \/>\n\t<meta property=\"og:image:height\" content=\"524\" \/>\n\t<meta property=\"og:image:type\" content=\"image\/jpeg\" \/>\n<meta name=\"author\" content=\"jochenS\" \/>\n<meta name=\"twitter:card\" content=\"summary_large_image\" \/>\n<meta name=\"twitter:label1\" content=\"Escrito por\" \/>\n\t<meta name=\"twitter:data1\" content=\"jochenS\" \/>\n\t<meta name=\"twitter:label2\" content=\"Tiempo de lectura\" \/>\n\t<meta name=\"twitter:data2\" content=\"1 minuto\" \/>\n<script type=\"application\/ld+json\" class=\"yoast-schema-graph\">{\"@context\":\"https:\\\/\\\/schema.org\",\"@graph\":[{\"@type\":\"Article\",\"@id\":\"https:\\\/\\\/elsur-racing.de\\\/es\\\/2023\\\/10\\\/nueva-incorporacion-al-establo-de-polo\\\/#article\",\"isPartOf\":{\"@id\":\"https:\\\/\\\/elsur-racing.de\\\/es\\\/2023\\\/10\\\/nueva-incorporacion-al-establo-de-polo\\\/\"},\"author\":{\"name\":\"jochenS\",\"@id\":\"https:\\\/\\\/elsur-racing.de\\\/es\\\/#\\\/schema\\\/person\\\/194a5e823490b8d996315c19ce22e0b2\"},\"headline\":\"Nueva incorporaci\u00f3n al establo de polo\",\"datePublished\":\"2023-10-03T21:45:48+00:00\",\"mainEntityOfPage\":{\"@id\":\"https:\\\/\\\/elsur-racing.de\\\/es\\\/2023\\\/10\\\/nueva-incorporacion-al-establo-de-polo\\\/\"},\"wordCount\":287,\"commentCount\":0,\"publisher\":{\"@id\":\"https:\\\/\\\/elsur-racing.de\\\/es\\\/#organization\"},\"image\":{\"@id\":\"https:\\\/\\\/elsur-racing.de\\\/es\\\/2023\\\/10\\\/nueva-incorporacion-al-establo-de-polo\\\/#primaryimage\"},\"thumbnailUrl\":\"https:\\\/\\\/elsur-racing.de\\\/wp-content\\\/uploads\\\/2023\\\/10\\\/Polopony-Guapita-ES.jpg\",\"keywords\":[\"Caballo de polo\",\"El Sur Polo\",\"Pferdesport\",\"Polo\",\"Polo-Pferde-Zucht\",\"Polo-Ponies\",\"Polobreeding\",\"Pologest\u00fct Schockm\u00f6hle\",\"Polopferde\"],\"articleSection\":[\"Polo\",\"Semental\"],\"inLanguage\":\"es\",\"potentialAction\":[{\"@type\":\"CommentAction\",\"name\":\"Comment\",\"target\":[\"https:\\\/\\\/elsur-racing.de\\\/es\\\/2023\\\/10\\\/nueva-incorporacion-al-establo-de-polo\\\/#respond\"]}]},{\"@type\":\"WebPage\",\"@id\":\"https:\\\/\\\/elsur-racing.de\\\/es\\\/2023\\\/10\\\/nueva-incorporacion-al-establo-de-polo\\\/\",\"url\":\"https:\\\/\\\/elsur-racing.de\\\/es\\\/2023\\\/10\\\/nueva-incorporacion-al-establo-de-polo\\\/\",\"name\":\"Nueva incorporaci\u00f3n al establo de polo - ElSur - RACING\",\"isPartOf\":{\"@id\":\"https:\\\/\\\/elsur-racing.de\\\/es\\\/#website\"},\"primaryImageOfPage\":{\"@id\":\"https:\\\/\\\/elsur-racing.de\\\/es\\\/2023\\\/10\\\/nueva-incorporacion-al-establo-de-polo\\\/#primaryimage\"},\"image\":{\"@id\":\"https:\\\/\\\/elsur-racing.de\\\/es\\\/2023\\\/10\\\/nueva-incorporacion-al-establo-de-polo\\\/#primaryimage\"},\"thumbnailUrl\":\"https:\\\/\\\/elsur-racing.de\\\/wp-content\\\/uploads\\\/2023\\\/10\\\/Polopony-Guapita-ES.jpg\",\"datePublished\":\"2023-10-03T21:45:48+00:00\",\"breadcrumb\":{\"@id\":\"https:\\\/\\\/elsur-racing.de\\\/es\\\/2023\\\/10\\\/nueva-incorporacion-al-establo-de-polo\\\/#breadcrumb\"},\"inLanguage\":\"es\",\"potentialAction\":[{\"@type\":\"ReadAction\",\"target\":[\"https:\\\/\\\/elsur-racing.de\\\/es\\\/2023\\\/10\\\/nueva-incorporacion-al-establo-de-polo\\\/\"]}]},{\"@type\":\"ImageObject\",\"inLanguage\":\"es\",\"@id\":\"https:\\\/\\\/elsur-racing.de\\\/es\\\/2023\\\/10\\\/nueva-incorporacion-al-establo-de-polo\\\/#primaryimage\",\"url\":\"https:\\\/\\\/elsur-racing.de\\\/wp-content\\\/uploads\\\/2023\\\/10\\\/Polopony-Guapita-ES.jpg\",\"contentUrl\":\"https:\\\/\\\/elsur-racing.de\\\/wp-content\\\/uploads\\\/2023\\\/10\\\/Polopony-Guapita-ES.jpg\",\"width\":795,\"height\":524,\"caption\":\"Polopony---Guapita-ES\"},{\"@type\":\"BreadcrumbList\",\"@id\":\"https:\\\/\\\/elsur-racing.de\\\/es\\\/2023\\\/10\\\/nueva-incorporacion-al-establo-de-polo\\\/#breadcrumb\",\"itemListElement\":[{\"@type\":\"ListItem\",\"position\":1,\"name\":\"P\u00e1gina principal\",\"item\":\"https:\\\/\\\/elsur-racing.de\\\/es\\\/\"},{\"@type\":\"ListItem\",\"position\":2,\"name\":\"Nueva incorporaci\u00f3n al establo de polo\"}]},{\"@type\":\"WebSite\",\"@id\":\"https:\\\/\\\/elsur-racing.de\\\/es\\\/#website\",\"url\":\"https:\\\/\\\/elsur-racing.de\\\/es\\\/\",\"name\":\"ElSur - RACING\",\"description\":\"elsur -team, -racing, -stud, -horsetransport\",\"publisher\":{\"@id\":\"https:\\\/\\\/elsur-racing.de\\\/es\\\/#organization\"},\"potentialAction\":[{\"@type\":\"SearchAction\",\"target\":{\"@type\":\"EntryPoint\",\"urlTemplate\":\"https:\\\/\\\/elsur-racing.de\\\/es\\\/?s={search_term_string}\"},\"query-input\":{\"@type\":\"PropertyValueSpecification\",\"valueRequired\":true,\"valueName\":\"search_term_string\"}}],\"inLanguage\":\"es\"},{\"@type\":\"Organization\",\"@id\":\"https:\\\/\\\/elsur-racing.de\\\/es\\\/#organization\",\"name\":\"ElSur - CARRERAS\",\"url\":\"https:\\\/\\\/elsur-racing.de\\\/es\\\/\",\"logo\":{\"@type\":\"ImageObject\",\"inLanguage\":\"es\",\"@id\":\"https:\\\/\\\/elsur-racing.de\\\/es\\\/#\\\/schema\\\/logo\\\/image\\\/\",\"url\":\"https:\\\/\\\/elsur-racing.de\\\/wp-content\\\/uploads\\\/2019\\\/12\\\/LogoESPoloRacingStudbw.jpg\",\"contentUrl\":\"https:\\\/\\\/elsur-racing.de\\\/wp-content\\\/uploads\\\/2019\\\/12\\\/LogoESPoloRacingStudbw.jpg\",\"width\":2000,\"height\":2000,\"caption\":\"ElSur - CARRERAS\"},\"image\":{\"@id\":\"https:\\\/\\\/elsur-racing.de\\\/es\\\/#\\\/schema\\\/logo\\\/image\\\/\"},\"sameAs\":[\"https:\\\/\\\/www.facebook.com\\\/elsurracing\"]},{\"@type\":\"Person\",\"@id\":\"https:\\\/\\\/elsur-racing.de\\\/es\\\/#\\\/schema\\\/person\\\/194a5e823490b8d996315c19ce22e0b2\",\"name\":\"jochenS\",\"image\":{\"@type\":\"ImageObject\",\"inLanguage\":\"es\",\"@id\":\"https:\\\/\\\/secure.gravatar.com\\\/avatar\\\/be1d72a69a8fd0530768b25935c438282455ec00aa59747d82353fed55109023?s=96&d=mm&r=g\",\"url\":\"https:\\\/\\\/secure.gravatar.com\\\/avatar\\\/be1d72a69a8fd0530768b25935c438282455ec00aa59747d82353fed55109023?s=96&d=mm&r=g\",\"contentUrl\":\"https:\\\/\\\/secure.gravatar.com\\\/avatar\\\/be1d72a69a8fd0530768b25935c438282455ec00aa59747d82353fed55109023?s=96&d=mm&r=g\",\"caption\":\"jochenS\"},\"sameAs\":[\"http:\\\/\\\/www.elsur-racing.de\"],\"url\":\"https:\\\/\\\/elsur-racing.de\\\/es\\\/author\\\/jochens\\\/\"}]}<\/script>\n<!-- \/ Yoast SEO plugin. -->","yoast_head_json":{"title":"Nueva incorporaci\u00f3n al establo de polo - ElSur - RACING","robots":{"index":"index","follow":"follow","max-snippet":"max-snippet:-1","max-image-preview":"max-image-preview:large","max-video-preview":"max-video-preview:-1"},"canonical":"https:\/\/elsur-racing.de\/es\/2023\/10\/nueva-incorporacion-al-establo-de-polo\/","og_locale":"es_ES","og_type":"article","og_title":"Nueva incorporaci\u00f3n al establo de polo - ElSur - RACING","og_description":"- nuestro primer polo de cosecha propia - Guapita ES (Gete Rubi x Guapa) lleg\u00f3 a salvo al establo de polo el d\u00eda de la unidad alemana.","og_url":"https:\/\/elsur-racing.de\/es\/2023\/10\/nueva-incorporacion-al-establo-de-polo\/","og_site_name":"ElSur - RACING","article_publisher":"https:\/\/www.facebook.com\/elsurracing","article_published_time":"2023-10-03T21:45:48+00:00","og_image":[{"width":795,"height":524,"url":"https:\/\/elsur-racing.de\/wp-content\/uploads\/2023\/10\/Polopony-Guapita-ES.jpg","type":"image\/jpeg"}],"author":"jochenS","twitter_card":"summary_large_image","twitter_misc":{"Escrito por":"jochenS","Tiempo de lectura":"1 minuto"},"schema":{"@context":"https:\/\/schema.org","@graph":[{"@type":"Article","@id":"https:\/\/elsur-racing.de\/es\/2023\/10\/nueva-incorporacion-al-establo-de-polo\/#article","isPartOf":{"@id":"https:\/\/elsur-racing.de\/es\/2023\/10\/nueva-incorporacion-al-establo-de-polo\/"},"author":{"name":"jochenS","@id":"https:\/\/elsur-racing.de\/es\/#\/schema\/person\/194a5e823490b8d996315c19ce22e0b2"},"headline":"Nueva incorporaci\u00f3n al establo de polo","datePublished":"2023-10-03T21:45:48+00:00","mainEntityOfPage":{"@id":"https:\/\/elsur-racing.de\/es\/2023\/10\/nueva-incorporacion-al-establo-de-polo\/"},"wordCount":287,"commentCount":0,"publisher":{"@id":"https:\/\/elsur-racing.de\/es\/#organization"},"image":{"@id":"https:\/\/elsur-racing.de\/es\/2023\/10\/nueva-incorporacion-al-establo-de-polo\/#primaryimage"},"thumbnailUrl":"https:\/\/elsur-racing.de\/wp-content\/uploads\/2023\/10\/Polopony-Guapita-ES.jpg","keywords":["Caballo de polo","El Sur Polo","Pferdesport","Polo","Polo-Pferde-Zucht","Polo-Ponies","Polobreeding","Pologest\u00fct Schockm\u00f6hle","Polopferde"],"articleSection":["Polo","Semental"],"inLanguage":"es","potentialAction":[{"@type":"CommentAction","name":"Comment","target":["https:\/\/elsur-racing.de\/es\/2023\/10\/nueva-incorporacion-al-establo-de-polo\/#respond"]}]},{"@type":"WebPage","@id":"https:\/\/elsur-racing.de\/es\/2023\/10\/nueva-incorporacion-al-establo-de-polo\/","url":"https:\/\/elsur-racing.de\/es\/2023\/10\/nueva-incorporacion-al-establo-de-polo\/","name":"Nueva incorporaci\u00f3n al establo de polo - ElSur - RACING","isPartOf":{"@id":"https:\/\/elsur-racing.de\/es\/#website"},"primaryImageOfPage":{"@id":"https:\/\/elsur-racing.de\/es\/2023\/10\/nueva-incorporacion-al-establo-de-polo\/#primaryimage"},"image":{"@id":"https:\/\/elsur-racing.de\/es\/2023\/10\/nueva-incorporacion-al-establo-de-polo\/#primaryimage"},"thumbnailUrl":"https:\/\/elsur-racing.de\/wp-content\/uploads\/2023\/10\/Polopony-Guapita-ES.jpg","datePublished":"2023-10-03T21:45:48+00:00","breadcrumb":{"@id":"https:\/\/elsur-racing.de\/es\/2023\/10\/nueva-incorporacion-al-establo-de-polo\/#breadcrumb"},"inLanguage":"es","potentialAction":[{"@type":"ReadAction","target":["https:\/\/elsur-racing.de\/es\/2023\/10\/nueva-incorporacion-al-establo-de-polo\/"]}]},{"@type":"ImageObject","inLanguage":"es","@id":"https:\/\/elsur-racing.de\/es\/2023\/10\/nueva-incorporacion-al-establo-de-polo\/#primaryimage","url":"https:\/\/elsur-racing.de\/wp-content\/uploads\/2023\/10\/Polopony-Guapita-ES.jpg","contentUrl":"https:\/\/elsur-racing.de\/wp-content\/uploads\/2023\/10\/Polopony-Guapita-ES.jpg","width":795,"height":524,"caption":"Polopony---Guapita-ES"},{"@type":"BreadcrumbList","@id":"https:\/\/elsur-racing.de\/es\/2023\/10\/nueva-incorporacion-al-establo-de-polo\/#breadcrumb","itemListElement":[{"@type":"ListItem","position":1,"name":"P\u00e1gina principal","item":"https:\/\/elsur-racing.de\/es\/"},{"@type":"ListItem","position":2,"name":"Nueva incorporaci\u00f3n al establo de polo"}]},{"@type":"WebSite","@id":"https:\/\/elsur-racing.de\/es\/#website","url":"https:\/\/elsur-racing.de\/es\/","name":"ElSur - RACING","description":"elsur -team, -racing, -stud, -horsetransport","publisher":{"@id":"https:\/\/elsur-racing.de\/es\/#organization"},"potentialAction":[{"@type":"SearchAction","target":{"@type":"EntryPoint","urlTemplate":"https:\/\/elsur-racing.de\/es\/?s={search_term_string}"},"query-input":{"@type":"PropertyValueSpecification","valueRequired":true,"valueName":"search_term_string"}}],"inLanguage":"es"},{"@type":"Organization","@id":"https:\/\/elsur-racing.de\/es\/#organization","name":"ElSur - CARRERAS","url":"https:\/\/elsur-racing.de\/es\/","logo":{"@type":"ImageObject","inLanguage":"es","@id":"https:\/\/elsur-racing.de\/es\/#\/schema\/logo\/image\/","url":"https:\/\/elsur-racing.de\/wp-content\/uploads\/2019\/12\/LogoESPoloRacingStudbw.jpg","contentUrl":"https:\/\/elsur-racing.de\/wp-content\/uploads\/2019\/12\/LogoESPoloRacingStudbw.jpg","width":2000,"height":2000,"caption":"ElSur - CARRERAS"},"image":{"@id":"https:\/\/elsur-racing.de\/es\/#\/schema\/logo\/image\/"},"sameAs":["https:\/\/www.facebook.com\/elsurracing"]},{"@type":"Person","@id":"https:\/\/elsur-racing.de\/es\/#\/schema\/person\/194a5e823490b8d996315c19ce22e0b2","name":"jochenS","image":{"@type":"ImageObject","inLanguage":"es","@id":"https:\/\/secure.gravatar.com\/avatar\/be1d72a69a8fd0530768b25935c438282455ec00aa59747d82353fed55109023?s=96&d=mm&r=g","url":"https:\/\/secure.gravatar.com\/avatar\/be1d72a69a8fd0530768b25935c438282455ec00aa59747d82353fed55109023?s=96&d=mm&r=g","contentUrl":"https:\/\/secure.gravatar.com\/avatar\/be1d72a69a8fd0530768b25935c438282455ec00aa59747d82353fed55109023?s=96&d=mm&r=g","caption":"jochenS"},"sameAs":["http:\/\/www.elsur-racing.de"],"url":"https:\/\/elsur-racing.de\/es\/author\/jochens\/"}]}},"_links":{"self":[{"href":"https:\/\/elsur-racing.de\/es\/wp-json\/wp\/v2\/posts\/7645","targetHints":{"allow":["GET"]}}],"collection":[{"href":"https:\/\/elsur-racing.de\/es\/wp-json\/wp\/v2\/posts"}],"about":[{"href":"https:\/\/elsur-racing.de\/es\/wp-json\/wp\/v2\/types\/post"}],"author":[{"embeddable":true,"href":"https:\/\/elsur-racing.de\/es\/wp-json\/wp\/v2\/users\/1"}],"replies":[{"embeddable":true,"href":"https:\/\/elsur-racing.de\/es\/wp-json\/wp\/v2\/comments?post=7645"}],"version-history":[{"count":0,"href":"https:\/\/elsur-racing.de\/es\/wp-json\/wp\/v2\/posts\/7645\/revisions"}],"wp:featuredmedia":[{"embeddable":true,"href":"https:\/\/elsur-racing.de\/es\/wp-json\/wp\/v2\/media\/7627"}],"wp:attachment":[{"href":"https:\/\/elsur-racing.de\/es\/wp-json\/wp\/v2\/media?parent=7645"}],"wp:term":[{"taxonomy":"category","embeddable":true,"href":"https:\/\/elsur-racing.de\/es\/wp-json\/wp\/v2\/categories?post=7645"},{"taxonomy":"post_tag","embeddable":true,"href":"https:\/\/elsur-racing.de\/es\/wp-json\/wp\/v2\/tags?post=7645"}],"curies":[{"name":"wp","href":"https:\/\/api.w.org\/{rel}","templated":true}]}}