{"id":7607,"date":"2023-10-02T18:23:00","date_gmt":"2023-10-02T16:23:00","guid":{"rendered":"https:\/\/elsur-racing.de\/2023\/10\/marbach-stallion-parade-2023-garantie-du-prix-le-plus-bas\/"},"modified":"2023-10-02T18:23:03","modified_gmt":"2023-10-02T16:23:03","slug":"marbach-stallion-parade-2023-garantie-du-prix-le-plus-bas","status":"publish","type":"post","link":"https:\/\/elsur-racing.de\/fr\/2023\/10\/marbach-stallion-parade-2023-garantie-du-prix-le-plus-bas\/","title":{"rendered":"Marbach Stallion Parade 2023 (Garantie du prix le plus bas)"},"content":{"rendered":"<p>[et_pb_section fb_built=\u00a0\u00bb1&Prime; _builder_version=\u00a0\u00bb4.21.0&Prime; _module_preset=\u00a0\u00bbdefault\u00a0\u00bb global_colors_info=\u00a0\u00bb{}\u00a0\u00bb][et_pb_row _builder_version=\u00a0\u00bb4.21.0&Prime; _module_preset=\u00a0\u00bbdefault\u00a0\u00bb custom_margin=\u00a0\u00bb-50px||||false|false\u00a0\u00bb global_colors_info=\u00a0\u00bb{}\u00a0\u00bb][et_pb_column type=\u00a0\u00bb4_4&Prime; _builder_version=\u00a0\u00bb4.21.0&Prime; _module_preset=\u00a0\u00bbdefault\u00a0\u00bb global_colors_info=\u00a0\u00bb{}\u00a0\u00bb][et_pb_text _builder_version=\u00a0\u00bb4.21.0&Prime; _module_preset=\u00a0\u00bbdefault\u00a0\u00bb hover_enabled=\u00a0\u00bb0&Prime; global_colors_info=\u00a0\u00bb{}\u00a0\u00bb sticky_enabled=\u00a0\u00bb0&Prime;]<\/p>\n<p style=\"text-align: center;\"><span style=\"font-family: tahoma, arial, helvetica, sans-serif; font-size: 12pt;\">Dimanche dernier, nous avons eu l\u2019occasion de pr\u00e9senter notre grand sport \u00e0 un public amoureux des chevaux dans le cadre du <strong>d\u00e9fil\u00e9 d\u2019\u00e9talons du haras principal et d\u2019\u00c9tat \u00e0 Marbach<\/strong> .<br \/><\/span><span style=\"font-family: tahoma, arial, helvetica, sans-serif; font-size: 12pt;\">Par un temps fantastique, plus de <strong>6 000 visiteurs<\/strong> sont venus au programme color\u00e9 et bien organis\u00e9 de la Parade des \u00e9talons de Marbach.<br \/><\/span><span style=\"font-family: tahoma, arial, helvetica, sans-serif; font-size: 12pt;\">Comme l\u2019un des nombreux \u00e9l\u00e9ments du programme, nous avons eu l\u2019occasion de faire la d\u00e9monstration d\u2019un <strong>match de polo de spectacle<\/strong> , nous nous sommes beaucoup amus\u00e9s avec un public formidable.<\/span><\/p>\n<p style=\"text-align: center;\"><strong><span style=\"font-family: tahoma, arial, helvetica, sans-serif; font-size: 12pt;\">Voici quelques impressions :<\/span><\/strong><\/p>\n<p><img loading=\"lazy\" decoding=\"async\" class=\"aligncenter wp-image-7555 size-full\" title=\"Spectacle - Polo - Marbach\" src=\"https:\/\/elsur-racing.de\/wp-content\/uploads\/2023\/09\/Polo-Marbach-2.jpg\" alt=\"Spectacle - Polo - Marbach\" width=\"795\" height=\"524\" srcset=\"https:\/\/elsur-racing.de\/wp-content\/uploads\/2023\/09\/Polo-Marbach-2.jpg 795w, https:\/\/elsur-racing.de\/wp-content\/uploads\/2023\/09\/Polo-Marbach-2-480x316.jpg 480w\" sizes=\"auto, (min-width: 0px) and (max-width: 480px) 480px, (min-width: 481px) 795px, 100vw\" \/><\/p>\n<p><img loading=\"lazy\" decoding=\"async\" class=\"aligncenter wp-image-7551 size-full\" title=\"Spectacle - Polo - Marbach\" src=\"https:\/\/elsur-racing.de\/wp-content\/uploads\/2023\/09\/Polo-Marbach-1.jpg\" alt=\"Spectacle - Polo - Marbach\" width=\"795\" height=\"524\" srcset=\"https:\/\/elsur-racing.de\/wp-content\/uploads\/2023\/09\/Polo-Marbach-1.jpg 795w, https:\/\/elsur-racing.de\/wp-content\/uploads\/2023\/09\/Polo-Marbach-1-480x316.jpg 480w\" sizes=\"auto, (min-width: 0px) and (max-width: 480px) 480px, (min-width: 481px) 795px, 100vw\" \/><\/p>\n<p style=\"text-align: center;\"><em><br \/>\n  <strong><br \/>\n    <span style=\"font-family: tahoma, arial, helvetica, sans-serif; font-size: 12pt;\">Source de la photo :<\/span><br \/>\n  <\/strong><br \/>\n<\/em> <span style=\"font-family: tahoma, arial, helvetica, sans-serif; font-size: 12pt;\"><br \/>\n  <a href=\"https:\/\/colorsofahorse.de\/\" target=\"_blank\" rel=\"noopener\">https:\/\/colorsofahorse.de\/<\/a><br \/>\n<\/span><\/p>\n<p style=\"text-align: center;\"><span style=\"font-family: tahoma, arial, helvetica, sans-serif; font-size: 12pt;\">Si vous \u00eates int\u00e9ress\u00e9 par un programme vari\u00e9 autour des chevaux, vous avez  <strong>le 01. et 03 octobre 2023<\/strong>  une fois de plus, l\u2019occasion de profiter du grand programme de la Parade des \u00e9talons de Marbach.<br \/><\/span><span style=\"font-family: tahoma, arial, helvetica, sans-serif; font-size: 12pt;\">Pour plus <a href=\"https:\/\/hul.landwirtschaft-bw.de\/pb\/,Lde\/Startseite\/Besuch+im+Gestuet\/Hengstparade\" target=\"_blank\" rel=\"noopener\">d\u2019informations: https:\/\/hul.landwirtschaft-bw.de\/pb\/,Lde\/Startseite\/Besuch+im+Gestuet\/Hengstparade<\/a><\/span><\/p>\n<p>[\/et_pb_text][et_pb_button button_url=\u00a0\u00bbhttps:\/\/elsur-racing.de\/#blog\u00a0\u00bb button_text=\u00a0\u00bbZur\u00fcck zum Blog!\u00a0\u00bb button_alignment=\u00a0\u00bbleft\u00a0\u00bb _builder_version=\u00a0\u00bb4.16&Prime; custom_button=\u00a0\u00bbon\u00a0\u00bb button_text_size=\u00a0\u00bb16px\u00a0\u00bb button_text_color=\u00a0\u00bb#1269b0&Prime; button_icon=\u00a0\u00bb#||divi||400&Prime; button_icon_color=\u00a0\u00bb#1269b0&Prime; z_index_tablet=\u00a0\u00bb500&Prime; button_text_shadow_horizontal_length_tablet=\u00a0\u00bb0px\u00a0\u00bb button_text_shadow_vertical_length_tablet=\u00a0\u00bb0px\u00a0\u00bb button_text_shadow_blur_strength_tablet=\u00a0\u00bb1px\u00a0\u00bb box_shadow_horizontal_tablet=\u00a0\u00bb0px\u00a0\u00bb box_shadow_vertical_tablet=\u00a0\u00bb0px\u00a0\u00bb box_shadow_blur_tablet=\u00a0\u00bb40px\u00a0\u00bb box_shadow_spread_tablet=\u00a0\u00bb0px\u00a0\u00bb saved_tabs=\u00a0\u00bball\u00a0\u00bb global_colors_info=\u00a0\u00bb{}\u00a0\u00bb][\/et_pb_button][\/et_pb_column][\/et_pb_row][\/et_pb_section]<\/p>\n","protected":false},"excerpt":{"rendered":"<p>Dimanche dernier, nous avons eu l\u2019occasion de pr\u00e9senter notre grand sport \u00e0 un public amoureux des chevaux dans le cadre du d\u00e9fil\u00e9 d\u2019\u00e9talons du haras principal et d\u2019\u00c9tat \u00e0 Marbach.<\/p>\n","protected":false},"author":1,"featured_media":7561,"comment_status":"open","ping_status":"open","sticky":false,"template":"","format":"standard","meta":{"_et_pb_use_builder":"","_et_pb_old_content":"","_et_gb_content_width":"","footnotes":""},"categories":[48],"tags":[521,382,520,71,74,76,304,305,306,308],"class_list":["post-7607","post","type-post","status-publish","format-standard","has-post-thumbnail","hentry","category-polo-fr","tag-afficher-lintermede","tag-cheval-de-polo","tag-defile-des-etalons-marbach","tag-el-sur-polo-fr","tag-jochen-stargardt-fr","tag-pferdesport-fr","tag-polo-pferde-zucht-fr","tag-polo-ponies-fr","tag-polobreeding-fr","tag-polopferde-fr"],"yoast_head":"<!-- This site is optimized with the Yoast SEO plugin v27.4 - https:\/\/yoast.com\/product\/yoast-seo-wordpress\/ -->\n<title>ElSur &#8211; RACING<\/title>\n<meta name=\"robots\" content=\"index, follow, max-snippet:-1, max-image-preview:large, max-video-preview:-1\" \/>\n<link rel=\"canonical\" href=\"https:\/\/elsur-racing.de\/fr\/2023\/10\/marbach-stallion-parade-2023-garantie-du-prix-le-plus-bas\/\" \/>\n<meta property=\"og:locale\" content=\"fr_FR\" \/>\n<meta property=\"og:type\" content=\"article\" \/>\n<meta property=\"og:description\" content=\"Dimanche dernier, nous avons eu l\u2019occasion de pr\u00e9senter notre grand sport \u00e0 un public amoureux des chevaux dans le cadre du d\u00e9fil\u00e9 d\u2019\u00e9talons du haras principal et d\u2019\u00c9tat \u00e0 Marbach.\" \/>\n<meta property=\"og:url\" content=\"https:\/\/elsur-racing.de\/fr\/2023\/10\/marbach-stallion-parade-2023-garantie-du-prix-le-plus-bas\/\" \/>\n<meta property=\"og:site_name\" content=\"ElSur - RACING\" \/>\n<meta property=\"article:publisher\" content=\"https:\/\/www.facebook.com\/elsurracing\" \/>\n<meta property=\"article:published_time\" content=\"2023-10-02T16:23:00+00:00\" \/>\n<meta property=\"article:modified_time\" content=\"2023-10-02T16:23:03+00:00\" \/>\n<meta property=\"og:image\" content=\"https:\/\/elsur-racing.de\/wp-content\/uploads\/2023\/09\/Polo-Marbach-Titel.jpg\" \/>\n\t<meta property=\"og:image:width\" content=\"795\" \/>\n\t<meta property=\"og:image:height\" content=\"524\" \/>\n\t<meta property=\"og:image:type\" content=\"image\/jpeg\" \/>\n<meta name=\"author\" content=\"jochenS\" \/>\n<meta name=\"twitter:card\" content=\"summary_large_image\" \/>\n<meta name=\"twitter:label1\" content=\"\u00c9crit par\" \/>\n\t<meta name=\"twitter:data1\" content=\"jochenS\" \/>\n\t<meta name=\"twitter:label2\" content=\"Dur\u00e9e de lecture estim\u00e9e\" \/>\n\t<meta name=\"twitter:data2\" content=\"2 minutes\" \/>\n<script type=\"application\/ld+json\" class=\"yoast-schema-graph\">{\"@context\":\"https:\\\/\\\/schema.org\",\"@graph\":[{\"@type\":\"Article\",\"@id\":\"https:\\\/\\\/elsur-racing.de\\\/fr\\\/2023\\\/10\\\/marbach-stallion-parade-2023-garantie-du-prix-le-plus-bas\\\/#article\",\"isPartOf\":{\"@id\":\"https:\\\/\\\/elsur-racing.de\\\/fr\\\/2023\\\/10\\\/marbach-stallion-parade-2023-garantie-du-prix-le-plus-bas\\\/\"},\"author\":{\"name\":\"jochenS\",\"@id\":\"https:\\\/\\\/elsur-racing.de\\\/fr\\\/#\\\/schema\\\/person\\\/194a5e823490b8d996315c19ce22e0b2\"},\"headline\":\"Marbach Stallion Parade 2023 (Garantie du prix le plus bas)\",\"datePublished\":\"2023-10-02T16:23:00+00:00\",\"dateModified\":\"2023-10-02T16:23:03+00:00\",\"mainEntityOfPage\":{\"@id\":\"https:\\\/\\\/elsur-racing.de\\\/fr\\\/2023\\\/10\\\/marbach-stallion-parade-2023-garantie-du-prix-le-plus-bas\\\/\"},\"wordCount\":320,\"commentCount\":0,\"publisher\":{\"@id\":\"https:\\\/\\\/elsur-racing.de\\\/fr\\\/#organization\"},\"image\":{\"@id\":\"https:\\\/\\\/elsur-racing.de\\\/fr\\\/2023\\\/10\\\/marbach-stallion-parade-2023-garantie-du-prix-le-plus-bas\\\/#primaryimage\"},\"thumbnailUrl\":\"https:\\\/\\\/elsur-racing.de\\\/wp-content\\\/uploads\\\/2023\\\/09\\\/Polo-Marbach-Titel.jpg\",\"keywords\":[\"Afficher l\u2019interm\u00e8de\",\"Cheval de polo\",\"D\u00e9fil\u00e9 des \u00e9talons Marbach\",\"El Sur Polo\",\"Jochen Stargardt\",\"Pferdesport\",\"Polo-Pferde-Zucht\",\"Polo-Ponies\",\"Polobreeding\",\"Polopferde\"],\"articleSection\":[\"Polo\"],\"inLanguage\":\"fr-FR\",\"potentialAction\":[{\"@type\":\"CommentAction\",\"name\":\"Comment\",\"target\":[\"https:\\\/\\\/elsur-racing.de\\\/fr\\\/2023\\\/10\\\/marbach-stallion-parade-2023-garantie-du-prix-le-plus-bas\\\/#respond\"]}]},{\"@type\":\"WebPage\",\"@id\":\"https:\\\/\\\/elsur-racing.de\\\/fr\\\/2023\\\/10\\\/marbach-stallion-parade-2023-garantie-du-prix-le-plus-bas\\\/\",\"url\":\"https:\\\/\\\/elsur-racing.de\\\/fr\\\/2023\\\/10\\\/marbach-stallion-parade-2023-garantie-du-prix-le-plus-bas\\\/\",\"name\":\"\",\"isPartOf\":{\"@id\":\"https:\\\/\\\/elsur-racing.de\\\/fr\\\/#website\"},\"primaryImageOfPage\":{\"@id\":\"https:\\\/\\\/elsur-racing.de\\\/fr\\\/2023\\\/10\\\/marbach-stallion-parade-2023-garantie-du-prix-le-plus-bas\\\/#primaryimage\"},\"image\":{\"@id\":\"https:\\\/\\\/elsur-racing.de\\\/fr\\\/2023\\\/10\\\/marbach-stallion-parade-2023-garantie-du-prix-le-plus-bas\\\/#primaryimage\"},\"thumbnailUrl\":\"https:\\\/\\\/elsur-racing.de\\\/wp-content\\\/uploads\\\/2023\\\/09\\\/Polo-Marbach-Titel.jpg\",\"datePublished\":\"2023-10-02T16:23:00+00:00\",\"dateModified\":\"2023-10-02T16:23:03+00:00\",\"breadcrumb\":{\"@id\":\"https:\\\/\\\/elsur-racing.de\\\/fr\\\/2023\\\/10\\\/marbach-stallion-parade-2023-garantie-du-prix-le-plus-bas\\\/#breadcrumb\"},\"inLanguage\":\"fr-FR\",\"potentialAction\":[{\"@type\":\"ReadAction\",\"target\":[\"https:\\\/\\\/elsur-racing.de\\\/fr\\\/2023\\\/10\\\/marbach-stallion-parade-2023-garantie-du-prix-le-plus-bas\\\/\"]}]},{\"@type\":\"ImageObject\",\"inLanguage\":\"fr-FR\",\"@id\":\"https:\\\/\\\/elsur-racing.de\\\/fr\\\/2023\\\/10\\\/marbach-stallion-parade-2023-garantie-du-prix-le-plus-bas\\\/#primaryimage\",\"url\":\"https:\\\/\\\/elsur-racing.de\\\/wp-content\\\/uploads\\\/2023\\\/09\\\/Polo-Marbach-Titel.jpg\",\"contentUrl\":\"https:\\\/\\\/elsur-racing.de\\\/wp-content\\\/uploads\\\/2023\\\/09\\\/Polo-Marbach-Titel.jpg\",\"width\":795,\"height\":524,\"caption\":\"Polo Show Marbacher Hengstparade\"},{\"@type\":\"BreadcrumbList\",\"@id\":\"https:\\\/\\\/elsur-racing.de\\\/fr\\\/2023\\\/10\\\/marbach-stallion-parade-2023-garantie-du-prix-le-plus-bas\\\/#breadcrumb\",\"itemListElement\":[{\"@type\":\"ListItem\",\"position\":1,\"name\":\"Page d\u2019accueil\",\"item\":\"https:\\\/\\\/elsur-racing.de\\\/fr\\\/\"},{\"@type\":\"ListItem\",\"position\":2,\"name\":\"Marbach Stallion Parade 2023 (Garantie du prix le plus bas)\"}]},{\"@type\":\"WebSite\",\"@id\":\"https:\\\/\\\/elsur-racing.de\\\/fr\\\/#website\",\"url\":\"https:\\\/\\\/elsur-racing.de\\\/fr\\\/\",\"name\":\"ElSur - RACING\",\"description\":\"elsur -team, -racing, -stud, -horsetransport\",\"publisher\":{\"@id\":\"https:\\\/\\\/elsur-racing.de\\\/fr\\\/#organization\"},\"potentialAction\":[{\"@type\":\"SearchAction\",\"target\":{\"@type\":\"EntryPoint\",\"urlTemplate\":\"https:\\\/\\\/elsur-racing.de\\\/fr\\\/?s={search_term_string}\"},\"query-input\":{\"@type\":\"PropertyValueSpecification\",\"valueRequired\":true,\"valueName\":\"search_term_string\"}}],\"inLanguage\":\"fr-FR\"},{\"@type\":\"Organization\",\"@id\":\"https:\\\/\\\/elsur-racing.de\\\/fr\\\/#organization\",\"name\":\"ElSur - COURSE\",\"url\":\"https:\\\/\\\/elsur-racing.de\\\/fr\\\/\",\"logo\":{\"@type\":\"ImageObject\",\"inLanguage\":\"fr-FR\",\"@id\":\"https:\\\/\\\/elsur-racing.de\\\/fr\\\/#\\\/schema\\\/logo\\\/image\\\/\",\"url\":\"https:\\\/\\\/elsur-racing.de\\\/wp-content\\\/uploads\\\/2019\\\/12\\\/LogoESPoloRacingStudbw.jpg\",\"contentUrl\":\"https:\\\/\\\/elsur-racing.de\\\/wp-content\\\/uploads\\\/2019\\\/12\\\/LogoESPoloRacingStudbw.jpg\",\"width\":2000,\"height\":2000,\"caption\":\"ElSur - COURSE\"},\"image\":{\"@id\":\"https:\\\/\\\/elsur-racing.de\\\/fr\\\/#\\\/schema\\\/logo\\\/image\\\/\"},\"sameAs\":[\"https:\\\/\\\/www.facebook.com\\\/elsurracing\"]},{\"@type\":\"Person\",\"@id\":\"https:\\\/\\\/elsur-racing.de\\\/fr\\\/#\\\/schema\\\/person\\\/194a5e823490b8d996315c19ce22e0b2\",\"name\":\"jochenS\",\"image\":{\"@type\":\"ImageObject\",\"inLanguage\":\"fr-FR\",\"@id\":\"https:\\\/\\\/secure.gravatar.com\\\/avatar\\\/be1d72a69a8fd0530768b25935c438282455ec00aa59747d82353fed55109023?s=96&d=mm&r=g\",\"url\":\"https:\\\/\\\/secure.gravatar.com\\\/avatar\\\/be1d72a69a8fd0530768b25935c438282455ec00aa59747d82353fed55109023?s=96&d=mm&r=g\",\"contentUrl\":\"https:\\\/\\\/secure.gravatar.com\\\/avatar\\\/be1d72a69a8fd0530768b25935c438282455ec00aa59747d82353fed55109023?s=96&d=mm&r=g\",\"caption\":\"jochenS\"},\"sameAs\":[\"http:\\\/\\\/www.elsur-racing.de\"],\"url\":\"https:\\\/\\\/elsur-racing.de\\\/fr\\\/author\\\/jochens\\\/\"}]}<\/script>\n<!-- \/ Yoast SEO plugin. -->","yoast_head_json":{"title":"ElSur &#8211; RACING","robots":{"index":"index","follow":"follow","max-snippet":"max-snippet:-1","max-image-preview":"max-image-preview:large","max-video-preview":"max-video-preview:-1"},"canonical":"https:\/\/elsur-racing.de\/fr\/2023\/10\/marbach-stallion-parade-2023-garantie-du-prix-le-plus-bas\/","og_locale":"fr_FR","og_type":"article","og_description":"Dimanche dernier, nous avons eu l\u2019occasion de pr\u00e9senter notre grand sport \u00e0 un public amoureux des chevaux dans le cadre du d\u00e9fil\u00e9 d\u2019\u00e9talons du haras principal et d\u2019\u00c9tat \u00e0 Marbach.","og_url":"https:\/\/elsur-racing.de\/fr\/2023\/10\/marbach-stallion-parade-2023-garantie-du-prix-le-plus-bas\/","og_site_name":"ElSur - RACING","article_publisher":"https:\/\/www.facebook.com\/elsurracing","article_published_time":"2023-10-02T16:23:00+00:00","article_modified_time":"2023-10-02T16:23:03+00:00","og_image":[{"width":795,"height":524,"url":"https:\/\/elsur-racing.de\/wp-content\/uploads\/2023\/09\/Polo-Marbach-Titel.jpg","type":"image\/jpeg"}],"author":"jochenS","twitter_card":"summary_large_image","twitter_misc":{"\u00c9crit par":"jochenS","Dur\u00e9e de lecture estim\u00e9e":"2 minutes"},"schema":{"@context":"https:\/\/schema.org","@graph":[{"@type":"Article","@id":"https:\/\/elsur-racing.de\/fr\/2023\/10\/marbach-stallion-parade-2023-garantie-du-prix-le-plus-bas\/#article","isPartOf":{"@id":"https:\/\/elsur-racing.de\/fr\/2023\/10\/marbach-stallion-parade-2023-garantie-du-prix-le-plus-bas\/"},"author":{"name":"jochenS","@id":"https:\/\/elsur-racing.de\/fr\/#\/schema\/person\/194a5e823490b8d996315c19ce22e0b2"},"headline":"Marbach Stallion Parade 2023 (Garantie du prix le plus bas)","datePublished":"2023-10-02T16:23:00+00:00","dateModified":"2023-10-02T16:23:03+00:00","mainEntityOfPage":{"@id":"https:\/\/elsur-racing.de\/fr\/2023\/10\/marbach-stallion-parade-2023-garantie-du-prix-le-plus-bas\/"},"wordCount":320,"commentCount":0,"publisher":{"@id":"https:\/\/elsur-racing.de\/fr\/#organization"},"image":{"@id":"https:\/\/elsur-racing.de\/fr\/2023\/10\/marbach-stallion-parade-2023-garantie-du-prix-le-plus-bas\/#primaryimage"},"thumbnailUrl":"https:\/\/elsur-racing.de\/wp-content\/uploads\/2023\/09\/Polo-Marbach-Titel.jpg","keywords":["Afficher l\u2019interm\u00e8de","Cheval de polo","D\u00e9fil\u00e9 des \u00e9talons Marbach","El Sur Polo","Jochen Stargardt","Pferdesport","Polo-Pferde-Zucht","Polo-Ponies","Polobreeding","Polopferde"],"articleSection":["Polo"],"inLanguage":"fr-FR","potentialAction":[{"@type":"CommentAction","name":"Comment","target":["https:\/\/elsur-racing.de\/fr\/2023\/10\/marbach-stallion-parade-2023-garantie-du-prix-le-plus-bas\/#respond"]}]},{"@type":"WebPage","@id":"https:\/\/elsur-racing.de\/fr\/2023\/10\/marbach-stallion-parade-2023-garantie-du-prix-le-plus-bas\/","url":"https:\/\/elsur-racing.de\/fr\/2023\/10\/marbach-stallion-parade-2023-garantie-du-prix-le-plus-bas\/","name":"","isPartOf":{"@id":"https:\/\/elsur-racing.de\/fr\/#website"},"primaryImageOfPage":{"@id":"https:\/\/elsur-racing.de\/fr\/2023\/10\/marbach-stallion-parade-2023-garantie-du-prix-le-plus-bas\/#primaryimage"},"image":{"@id":"https:\/\/elsur-racing.de\/fr\/2023\/10\/marbach-stallion-parade-2023-garantie-du-prix-le-plus-bas\/#primaryimage"},"thumbnailUrl":"https:\/\/elsur-racing.de\/wp-content\/uploads\/2023\/09\/Polo-Marbach-Titel.jpg","datePublished":"2023-10-02T16:23:00+00:00","dateModified":"2023-10-02T16:23:03+00:00","breadcrumb":{"@id":"https:\/\/elsur-racing.de\/fr\/2023\/10\/marbach-stallion-parade-2023-garantie-du-prix-le-plus-bas\/#breadcrumb"},"inLanguage":"fr-FR","potentialAction":[{"@type":"ReadAction","target":["https:\/\/elsur-racing.de\/fr\/2023\/10\/marbach-stallion-parade-2023-garantie-du-prix-le-plus-bas\/"]}]},{"@type":"ImageObject","inLanguage":"fr-FR","@id":"https:\/\/elsur-racing.de\/fr\/2023\/10\/marbach-stallion-parade-2023-garantie-du-prix-le-plus-bas\/#primaryimage","url":"https:\/\/elsur-racing.de\/wp-content\/uploads\/2023\/09\/Polo-Marbach-Titel.jpg","contentUrl":"https:\/\/elsur-racing.de\/wp-content\/uploads\/2023\/09\/Polo-Marbach-Titel.jpg","width":795,"height":524,"caption":"Polo Show Marbacher Hengstparade"},{"@type":"BreadcrumbList","@id":"https:\/\/elsur-racing.de\/fr\/2023\/10\/marbach-stallion-parade-2023-garantie-du-prix-le-plus-bas\/#breadcrumb","itemListElement":[{"@type":"ListItem","position":1,"name":"Page d\u2019accueil","item":"https:\/\/elsur-racing.de\/fr\/"},{"@type":"ListItem","position":2,"name":"Marbach Stallion Parade 2023 (Garantie du prix le plus bas)"}]},{"@type":"WebSite","@id":"https:\/\/elsur-racing.de\/fr\/#website","url":"https:\/\/elsur-racing.de\/fr\/","name":"ElSur - RACING","description":"elsur -team, -racing, -stud, -horsetransport","publisher":{"@id":"https:\/\/elsur-racing.de\/fr\/#organization"},"potentialAction":[{"@type":"SearchAction","target":{"@type":"EntryPoint","urlTemplate":"https:\/\/elsur-racing.de\/fr\/?s={search_term_string}"},"query-input":{"@type":"PropertyValueSpecification","valueRequired":true,"valueName":"search_term_string"}}],"inLanguage":"fr-FR"},{"@type":"Organization","@id":"https:\/\/elsur-racing.de\/fr\/#organization","name":"ElSur - COURSE","url":"https:\/\/elsur-racing.de\/fr\/","logo":{"@type":"ImageObject","inLanguage":"fr-FR","@id":"https:\/\/elsur-racing.de\/fr\/#\/schema\/logo\/image\/","url":"https:\/\/elsur-racing.de\/wp-content\/uploads\/2019\/12\/LogoESPoloRacingStudbw.jpg","contentUrl":"https:\/\/elsur-racing.de\/wp-content\/uploads\/2019\/12\/LogoESPoloRacingStudbw.jpg","width":2000,"height":2000,"caption":"ElSur - COURSE"},"image":{"@id":"https:\/\/elsur-racing.de\/fr\/#\/schema\/logo\/image\/"},"sameAs":["https:\/\/www.facebook.com\/elsurracing"]},{"@type":"Person","@id":"https:\/\/elsur-racing.de\/fr\/#\/schema\/person\/194a5e823490b8d996315c19ce22e0b2","name":"jochenS","image":{"@type":"ImageObject","inLanguage":"fr-FR","@id":"https:\/\/secure.gravatar.com\/avatar\/be1d72a69a8fd0530768b25935c438282455ec00aa59747d82353fed55109023?s=96&d=mm&r=g","url":"https:\/\/secure.gravatar.com\/avatar\/be1d72a69a8fd0530768b25935c438282455ec00aa59747d82353fed55109023?s=96&d=mm&r=g","contentUrl":"https:\/\/secure.gravatar.com\/avatar\/be1d72a69a8fd0530768b25935c438282455ec00aa59747d82353fed55109023?s=96&d=mm&r=g","caption":"jochenS"},"sameAs":["http:\/\/www.elsur-racing.de"],"url":"https:\/\/elsur-racing.de\/fr\/author\/jochens\/"}]}},"_links":{"self":[{"href":"https:\/\/elsur-racing.de\/fr\/wp-json\/wp\/v2\/posts\/7607","targetHints":{"allow":["GET"]}}],"collection":[{"href":"https:\/\/elsur-racing.de\/fr\/wp-json\/wp\/v2\/posts"}],"about":[{"href":"https:\/\/elsur-racing.de\/fr\/wp-json\/wp\/v2\/types\/post"}],"author":[{"embeddable":true,"href":"https:\/\/elsur-racing.de\/fr\/wp-json\/wp\/v2\/users\/1"}],"replies":[{"embeddable":true,"href":"https:\/\/elsur-racing.de\/fr\/wp-json\/wp\/v2\/comments?post=7607"}],"version-history":[{"count":1,"href":"https:\/\/elsur-racing.de\/fr\/wp-json\/wp\/v2\/posts\/7607\/revisions"}],"predecessor-version":[{"id":7608,"href":"https:\/\/elsur-racing.de\/fr\/wp-json\/wp\/v2\/posts\/7607\/revisions\/7608"}],"wp:featuredmedia":[{"embeddable":true,"href":"https:\/\/elsur-racing.de\/fr\/wp-json\/wp\/v2\/media\/7561"}],"wp:attachment":[{"href":"https:\/\/elsur-racing.de\/fr\/wp-json\/wp\/v2\/media?parent=7607"}],"wp:term":[{"taxonomy":"category","embeddable":true,"href":"https:\/\/elsur-racing.de\/fr\/wp-json\/wp\/v2\/categories?post=7607"},{"taxonomy":"post_tag","embeddable":true,"href":"https:\/\/elsur-racing.de\/fr\/wp-json\/wp\/v2\/tags?post=7607"}],"curies":[{"name":"wp","href":"https:\/\/api.w.org\/{rel}","templated":true}]}}